{"id":778,"date":"2020-05-01T05:09:00","date_gmt":"2020-05-01T03:09:00","guid":{"rendered":"https:\/\/ocentrodedianacasa.igualdadebenestar.org\/?p=778"},"modified":"2020-05-05T23:01:47","modified_gmt":"2020-05-05T21:01:47","slug":"778","status":"publish","type":"post","link":"https:\/\/ocentrodedianacasa.igualdadebenestar.org\/?p=778","title":{"rendered":"O d\u00eda da nai con Rosalia de Castro"},"content":{"rendered":"\n<p class=\"has-text-color has-medium-font-size has-vivid-cyan-blue-color\"><strong>O d\u00eda da nai con Rosalia de Castro<\/strong><\/p>\n\n\n\n<div class=\"wp-block-image is-style-rounded\"><figure class=\"alignright size-large is-resized\"><img loading=\"lazy\" src=\"https:\/\/ocentrodedianacasa.igualdadebenestar.org\/wp-content\/uploads\/2020\/05\/Captura-de-pantalla_2020-05-04_05-07-01.png\" alt=\"\" class=\"wp-image-779\" width=\"293\" height=\"389\" srcset=\"https:\/\/ocentrodedianacasa.igualdadebenestar.org\/wp-content\/uploads\/2020\/05\/Captura-de-pantalla_2020-05-04_05-07-01.png 354w, https:\/\/ocentrodedianacasa.igualdadebenestar.org\/wp-content\/uploads\/2020\/05\/Captura-de-pantalla_2020-05-04_05-07-01-226x300.png 226w\" sizes=\"(max-width: 293px) 100vw, 293px\" \/><\/figure><\/div>\n\n\n\n<p><\/p>\n\n\n\n<p>Mi\u00f1a nai, mi\u00f1a naici\u00f1a,<br>como a mi\u00f1a non hai ningunha,<br>que me quentaba a cari\u00f1a<br>co calorci\u00f1o da s\u00faa.<br>Mi\u00f1a nai, mi\u00f1a naici\u00f1a<br>como mi\u00f1a nai ningunha.<br>L\u00e1vame a mi\u00f1a camisa<br>dentro da manga da s\u00faa.<\/p>\n\n\n\n<p><\/p>\n\n\n\n<p>Vanesa, terapeuta ocupacional do Centro de d\u00eda de ABAD\u00cdN, cantanos estes versos&#8230;<\/p>\n\n\n\n<p><\/p>\n\n\n\n<p><\/p>\n\n\n\n<figure class=\"wp-block-embed-youtube wp-block-embed is-type-video is-provider-youtube wp-embed-aspect-4-3 wp-has-aspect-ratio\"><div class=\"wp-block-embed__wrapper\">\n<iframe title=\"Canci\u00f3n para o d\u00eda da nai\" width=\"678\" height=\"509\" src=\"https:\/\/www.youtube.com\/embed\/bofkOBjLnu4?feature=oembed\" frameborder=\"0\" allow=\"accelerometer; autoplay; encrypted-media; gyroscope; picture-in-picture\" allowfullscreen><\/iframe>\n<\/div><\/figure>\n\n\n\n<p><\/p>\n\n\n\n<p>Tam\u00e9n dende o centro de d\u00eda de SAN SADURNI\u00d1O,   nunha data tan sinalada e especial quer\u00edan formar parte das celebraci\u00f3ns das nosas usuarias nais e achegarlles a trav\u00e9s dun v\u00eddeo os nosos m\u00e1is derradeiros agradecementos. Por todas elas, Feliz d\u00eda da Nai!!<\/p>\n\n\n\n<figure class=\"wp-block-embed-youtube wp-block-embed is-type-video is-provider-youtube wp-embed-aspect-4-3 wp-has-aspect-ratio\"><div class=\"wp-block-embed__wrapper\">\n<iframe title=\"DENDE O CENTRO DE D\u00cdA DE  SAN SADURNI\u00d1O FELICITACITAN A TODAS AS NAIS\" width=\"678\" height=\"509\" src=\"https:\/\/www.youtube.com\/embed\/EHn-UHWT1XM?feature=oembed\" frameborder=\"0\" allow=\"accelerometer; autoplay; encrypted-media; gyroscope; picture-in-picture\" allowfullscreen><\/iframe>\n<\/div><\/figure>\n ","protected":false},"excerpt":{"rendered":"<p>O d\u00eda da nai con Rosalia de Castro Mi\u00f1a nai, mi\u00f1a naici\u00f1a,como a mi\u00f1a non hai ningunha,que me quentaba a cari\u00f1aco calorci\u00f1o da s\u00faa.Mi\u00f1a nai, mi\u00f1a naici\u00f1acomo mi\u00f1a nai ningunha.L\u00e1vame <a class=\"more-link\" href=\"https:\/\/ocentrodedianacasa.igualdadebenestar.org\/?p=778\">Continue Reading &rarr;<\/a><\/p>\n","protected":false},"author":3,"featured_media":0,"comment_status":"open","ping_status":"open","sticky":false,"template":"","format":"aside","meta":[],"categories":[18],"tags":[],"post_mailing_queue_ids":[],"_links":{"self":[{"href":"https:\/\/ocentrodedianacasa.igualdadebenestar.org\/index.php?rest_route=\/wp\/v2\/posts\/778"}],"collection":[{"href":"https:\/\/ocentrodedianacasa.igualdadebenestar.org\/index.php?rest_route=\/wp\/v2\/posts"}],"about":[{"href":"https:\/\/ocentrodedianacasa.igualdadebenestar.org\/index.php?rest_route=\/wp\/v2\/types\/post"}],"author":[{"embeddable":true,"href":"https:\/\/ocentrodedianacasa.igualdadebenestar.org\/index.php?rest_route=\/wp\/v2\/users\/3"}],"replies":[{"embeddable":true,"href":"https:\/\/ocentrodedianacasa.igualdadebenestar.org\/index.php?rest_route=%2Fwp%2Fv2%2Fcomments&post=778"}],"version-history":[{"count":7,"href":"https:\/\/ocentrodedianacasa.igualdadebenestar.org\/index.php?rest_route=\/wp\/v2\/posts\/778\/revisions"}],"predecessor-version":[{"id":1036,"href":"https:\/\/ocentrodedianacasa.igualdadebenestar.org\/index.php?rest_route=\/wp\/v2\/posts\/778\/revisions\/1036"}],"wp:attachment":[{"href":"https:\/\/ocentrodedianacasa.igualdadebenestar.org\/index.php?rest_route=%2Fwp%2Fv2%2Fmedia&parent=778"}],"wp:term":[{"taxonomy":"category","embeddable":true,"href":"https:\/\/ocentrodedianacasa.igualdadebenestar.org\/index.php?rest_route=%2Fwp%2Fv2%2Fcategories&post=778"},{"taxonomy":"post_tag","embeddable":true,"href":"https:\/\/ocentrodedianacasa.igualdadebenestar.org\/index.php?rest_route=%2Fwp%2Fv2%2Ftags&post=778"}],"curies":[{"name":"wp","href":"https:\/\/api.w.org\/{rel}","templated":true}]}}