{"id":5107,"date":"2024-09-03T11:25:29","date_gmt":"2024-09-03T09:25:29","guid":{"rendered":"https:\/\/ocentrodedianacasa.igualdadebenestar.org\/?p=5107"},"modified":"2024-09-03T11:25:31","modified_gmt":"2024-09-03T09:25:31","slug":"participacion-no-programa-madurescentes-dende-o-centro-de-dia-de-ferrol","status":"publish","type":"post","link":"https:\/\/ocentrodedianacasa.igualdadebenestar.org\/?p=5107","title":{"rendered":"Participaci\u00f3n no programa &#8220;Madurescentes&#8221; dende o centro de d\u00eda de Ferrol"},"content":{"rendered":"\n<p><strong><\/strong><strong> O Concello de Ferrol,contin\u00faa coa programaci\u00f3n Madurescentes: visitas guiadas pola cidade. Con estas actividades pret\u00e9ndese que as persoas maiores gocen no seu tempo de ocio.<\/strong><\/p>\n\n\n\n<p>O 28 de agosto de 2024, cinco persoas usuarias do centro de d\u00eda de Ferrol-Caranza, acompa\u00f1adas de tres traballadores acudiron a actividade: \u201c Comercios e comerciantes de onte e hoxe\u201d no barrio da Madalena. O punto de encontro, foi a praza de Galicia de Ferrol, lugar onde se atopa o teatro Jofre, un dos edificios m\u00e1is emblem\u00e1ticos da cidade departamental, por este motivo a guia comenzou a actividade cunha breve explicaci\u00f3n do Teatro Jofre, considerado unha das obras teatrais m\u00e1is importantes do S. XIX. para continuar cun pequeno paseo polo barrio da Madalena e iniciar a visita aos comercios. Moitas participantes recordaron comercios como: \u201cRafael y Vicente\u201d, \u201cChurreira la Bola de Oro\u201d e \u201cA Pilarica\u201d establecementos que actualmente permanecen pechados porque non tiveron relevo xeracional<strong>. Tam\u00e9n visitaron outros que seguen funcionando na actualidade como \u201d Churreria Bonilla\u201d, \u201cCasa Amador\u201d&#8230; comercios simb\u00f3licos da cidade.<\/strong><\/p>\n\n\n\n<p>As persoas usuarias, mostraron a s\u00faa satisfacci\u00f3n por participar nunha activade<strong> diferente na que afloraron moitos recordos e lembranzas da s\u00faa cidade.<\/strong><\/p>\n\n\n\n<figure class=\"wp-block-gallery columns-3 is-cropped\"><ul class=\"blocks-gallery-grid\"><li class=\"blocks-gallery-item\"><figure><img loading=\"lazy\" width=\"756\" height=\"1008\" src=\"https:\/\/ocentrodedianacasa.igualdadebenestar.org\/wp-content\/uploads\/2024\/09\/comercios_3.jpg\" alt=\"\" data-id=\"5108\" data-full-url=\"https:\/\/ocentrodedianacasa.igualdadebenestar.org\/wp-content\/uploads\/2024\/09\/comercios_3.jpg\" data-link=\"https:\/\/ocentrodedianacasa.igualdadebenestar.org\/?attachment_id=5108\" class=\"wp-image-5108\" srcset=\"https:\/\/ocentrodedianacasa.igualdadebenestar.org\/wp-content\/uploads\/2024\/09\/comercios_3.jpg 756w, https:\/\/ocentrodedianacasa.igualdadebenestar.org\/wp-content\/uploads\/2024\/09\/comercios_3-225x300.jpg 225w\" sizes=\"(max-width: 756px) 100vw, 756px\" \/><\/figure><\/li><li class=\"blocks-gallery-item\"><figure><img loading=\"lazy\" width=\"756\" height=\"1008\" src=\"https:\/\/ocentrodedianacasa.igualdadebenestar.org\/wp-content\/uploads\/2024\/09\/comercios_2.jpg\" alt=\"\" data-id=\"5109\" data-full-url=\"https:\/\/ocentrodedianacasa.igualdadebenestar.org\/wp-content\/uploads\/2024\/09\/comercios_2.jpg\" data-link=\"https:\/\/ocentrodedianacasa.igualdadebenestar.org\/?attachment_id=5109\" class=\"wp-image-5109\" srcset=\"https:\/\/ocentrodedianacasa.igualdadebenestar.org\/wp-content\/uploads\/2024\/09\/comercios_2.jpg 756w, https:\/\/ocentrodedianacasa.igualdadebenestar.org\/wp-content\/uploads\/2024\/09\/comercios_2-225x300.jpg 225w\" sizes=\"(max-width: 756px) 100vw, 756px\" \/><\/figure><\/li><li class=\"blocks-gallery-item\"><figure><img loading=\"lazy\" width=\"756\" height=\"1008\" src=\"https:\/\/ocentrodedianacasa.igualdadebenestar.org\/wp-content\/uploads\/2024\/09\/comercios_1.jpg\" alt=\"\" data-id=\"5110\" data-full-url=\"https:\/\/ocentrodedianacasa.igualdadebenestar.org\/wp-content\/uploads\/2024\/09\/comercios_1.jpg\" data-link=\"https:\/\/ocentrodedianacasa.igualdadebenestar.org\/?attachment_id=5110\" class=\"wp-image-5110\" srcset=\"https:\/\/ocentrodedianacasa.igualdadebenestar.org\/wp-content\/uploads\/2024\/09\/comercios_1.jpg 756w, https:\/\/ocentrodedianacasa.igualdadebenestar.org\/wp-content\/uploads\/2024\/09\/comercios_1-225x300.jpg 225w\" sizes=\"(max-width: 756px) 100vw, 756px\" \/><\/figure><\/li><\/ul><\/figure>\n ","protected":false},"excerpt":{"rendered":"<p>O Concello de Ferrol,contin\u00faa coa programaci\u00f3n Madurescentes: visitas guiadas pola cidade. Con estas actividades pret\u00e9ndese que as persoas maiores gocen no seu tempo de ocio. O 28 de agosto de <a class=\"more-link\" href=\"https:\/\/ocentrodedianacasa.igualdadebenestar.org\/?p=5107\">Continue Reading &rarr;<\/a><\/p>\n","protected":false},"author":3,"featured_media":0,"comment_status":"closed","ping_status":"open","sticky":false,"template":"","format":"standard","meta":[],"categories":[22,23],"tags":[],"post_mailing_queue_ids":[],"_links":{"self":[{"href":"https:\/\/ocentrodedianacasa.igualdadebenestar.org\/index.php?rest_route=\/wp\/v2\/posts\/5107"}],"collection":[{"href":"https:\/\/ocentrodedianacasa.igualdadebenestar.org\/index.php?rest_route=\/wp\/v2\/posts"}],"about":[{"href":"https:\/\/ocentrodedianacasa.igualdadebenestar.org\/index.php?rest_route=\/wp\/v2\/types\/post"}],"author":[{"embeddable":true,"href":"https:\/\/ocentrodedianacasa.igualdadebenestar.org\/index.php?rest_route=\/wp\/v2\/users\/3"}],"replies":[{"embeddable":true,"href":"https:\/\/ocentrodedianacasa.igualdadebenestar.org\/index.php?rest_route=%2Fwp%2Fv2%2Fcomments&post=5107"}],"version-history":[{"count":1,"href":"https:\/\/ocentrodedianacasa.igualdadebenestar.org\/index.php?rest_route=\/wp\/v2\/posts\/5107\/revisions"}],"predecessor-version":[{"id":5111,"href":"https:\/\/ocentrodedianacasa.igualdadebenestar.org\/index.php?rest_route=\/wp\/v2\/posts\/5107\/revisions\/5111"}],"wp:attachment":[{"href":"https:\/\/ocentrodedianacasa.igualdadebenestar.org\/index.php?rest_route=%2Fwp%2Fv2%2Fmedia&parent=5107"}],"wp:term":[{"taxonomy":"category","embeddable":true,"href":"https:\/\/ocentrodedianacasa.igualdadebenestar.org\/index.php?rest_route=%2Fwp%2Fv2%2Fcategories&post=5107"},{"taxonomy":"post_tag","embeddable":true,"href":"https:\/\/ocentrodedianacasa.igualdadebenestar.org\/index.php?rest_route=%2Fwp%2Fv2%2Ftags&post=5107"}],"curies":[{"name":"wp","href":"https:\/\/api.w.org\/{rel}","templated":true}]}}