{"id":5102,"date":"2024-09-03T11:20:38","date_gmt":"2024-09-03T09:20:38","guid":{"rendered":"https:\/\/ocentrodedianacasa.igualdadebenestar.org\/?p=5102"},"modified":"2024-09-03T11:22:51","modified_gmt":"2024-09-03T09:22:51","slug":"unha-mana-na-roxica-dende-o-centro-de-abadin","status":"publish","type":"post","link":"https:\/\/ocentrodedianacasa.igualdadebenestar.org\/?p=5102","title":{"rendered":"De parranda dende o centro de d\u00eda de Abad\u00edn"},"content":{"rendered":"\n<p>Aproveitando que o ver\u00e1n est\u00e1 a piques de rematar, quixemos aproveitar para sa\u00edr a dar unha volta \u00e1 \u00e1rea recreativa da Roxica. Al\u00ed desfrutamos dun paseo ao car\u00f3n do r\u00edo e dunha serie de m\u00e1quinas de exercicios. Tam\u00e9n, os m\u00e1is atrevidos, tir\u00e1ronse dende a tirolina.<\/p>\n\n\n\n<p>Finalmente, para repo\u00f1er a enerx\u00eda gastada, fixemos un pequeno p\u00edcnic cuns aperitivos.<\/p>\n\n\n\n<p>Sen d\u00fabida foi unha ma\u00f1\u00e1 diferente!<\/p>\n\n\n\n<figure class=\"wp-block-gallery columns-1 is-cropped\"><ul class=\"blocks-gallery-grid\"><li class=\"blocks-gallery-item\"><figure><img loading=\"lazy\" width=\"1024\" height=\"1024\" src=\"https:\/\/ocentrodedianacasa.igualdadebenestar.org\/wp-content\/uploads\/2024\/09\/01.1-Unha-mana-na-Roxica-1024x1024.jpeg\" alt=\"\" data-id=\"5104\" data-full-url=\"https:\/\/ocentrodedianacasa.igualdadebenestar.org\/wp-content\/uploads\/2024\/09\/01.1-Unha-mana-na-Roxica.jpeg\" data-link=\"https:\/\/ocentrodedianacasa.igualdadebenestar.org\/?attachment_id=5104\" class=\"wp-image-5104\" srcset=\"https:\/\/ocentrodedianacasa.igualdadebenestar.org\/wp-content\/uploads\/2024\/09\/01.1-Unha-mana-na-Roxica-1024x1024.jpeg 1024w, https:\/\/ocentrodedianacasa.igualdadebenestar.org\/wp-content\/uploads\/2024\/09\/01.1-Unha-mana-na-Roxica-300x300.jpeg 300w, https:\/\/ocentrodedianacasa.igualdadebenestar.org\/wp-content\/uploads\/2024\/09\/01.1-Unha-mana-na-Roxica-150x150.jpeg 150w, https:\/\/ocentrodedianacasa.igualdadebenestar.org\/wp-content\/uploads\/2024\/09\/01.1-Unha-mana-na-Roxica-768x768.jpeg 768w, https:\/\/ocentrodedianacasa.igualdadebenestar.org\/wp-content\/uploads\/2024\/09\/01.1-Unha-mana-na-Roxica-1536x1536.jpeg 1536w, https:\/\/ocentrodedianacasa.igualdadebenestar.org\/wp-content\/uploads\/2024\/09\/01.1-Unha-mana-na-Roxica.jpeg 1600w\" sizes=\"(max-width: 1024px) 100vw, 1024px\" \/><\/figure><\/li><\/ul><\/figure>\n\n\n\n<p>Durante este mes tam\u00e9n tivemos a oportunidade de participar nunha charla organizada polo Concello de Abad\u00edn sobre tecnolox\u00eda.<\/p>\n\n\n\n<p>Al\u00ed, ademais de po\u00f1ernos ao d\u00eda con esta tem\u00e1tica, puidemos desfrutar dun caf\u00e9 e dun concerto moi divertido. Aqu\u00ed vos deixamos algunhas imaxes de como foi esta sa\u00edda ao Concello de Abad\u00edn!<\/p>\n\n\n\n<figure class=\"wp-block-image size-large\"><img loading=\"lazy\" width=\"768\" height=\"1024\" src=\"https:\/\/ocentrodedianacasa.igualdadebenestar.org\/wp-content\/uploads\/2024\/09\/02.1-Saida-ao-Concello-de-Abadin-768x1024.jpeg\" alt=\"\" class=\"wp-image-5103\" srcset=\"https:\/\/ocentrodedianacasa.igualdadebenestar.org\/wp-content\/uploads\/2024\/09\/02.1-Saida-ao-Concello-de-Abadin-768x1024.jpeg 768w, https:\/\/ocentrodedianacasa.igualdadebenestar.org\/wp-content\/uploads\/2024\/09\/02.1-Saida-ao-Concello-de-Abadin-225x300.jpeg 225w, https:\/\/ocentrodedianacasa.igualdadebenestar.org\/wp-content\/uploads\/2024\/09\/02.1-Saida-ao-Concello-de-Abadin-1152x1536.jpeg 1152w, https:\/\/ocentrodedianacasa.igualdadebenestar.org\/wp-content\/uploads\/2024\/09\/02.1-Saida-ao-Concello-de-Abadin.jpeg 1200w\" sizes=\"(max-width: 768px) 100vw, 768px\" \/><\/figure>\n ","protected":false},"excerpt":{"rendered":"<p>Aproveitando que o ver\u00e1n est\u00e1 a piques de rematar, quixemos aproveitar para sa\u00edr a dar unha volta \u00e1 \u00e1rea recreativa da Roxica. Al\u00ed desfrutamos dun paseo ao car\u00f3n do r\u00edo <a class=\"more-link\" href=\"https:\/\/ocentrodedianacasa.igualdadebenestar.org\/?p=5102\">Continue Reading &rarr;<\/a><\/p>\n","protected":false},"author":3,"featured_media":0,"comment_status":"closed","ping_status":"open","sticky":false,"template":"","format":"standard","meta":[],"categories":[22,23],"tags":[],"post_mailing_queue_ids":[],"_links":{"self":[{"href":"https:\/\/ocentrodedianacasa.igualdadebenestar.org\/index.php?rest_route=\/wp\/v2\/posts\/5102"}],"collection":[{"href":"https:\/\/ocentrodedianacasa.igualdadebenestar.org\/index.php?rest_route=\/wp\/v2\/posts"}],"about":[{"href":"https:\/\/ocentrodedianacasa.igualdadebenestar.org\/index.php?rest_route=\/wp\/v2\/types\/post"}],"author":[{"embeddable":true,"href":"https:\/\/ocentrodedianacasa.igualdadebenestar.org\/index.php?rest_route=\/wp\/v2\/users\/3"}],"replies":[{"embeddable":true,"href":"https:\/\/ocentrodedianacasa.igualdadebenestar.org\/index.php?rest_route=%2Fwp%2Fv2%2Fcomments&post=5102"}],"version-history":[{"count":2,"href":"https:\/\/ocentrodedianacasa.igualdadebenestar.org\/index.php?rest_route=\/wp\/v2\/posts\/5102\/revisions"}],"predecessor-version":[{"id":5106,"href":"https:\/\/ocentrodedianacasa.igualdadebenestar.org\/index.php?rest_route=\/wp\/v2\/posts\/5102\/revisions\/5106"}],"wp:attachment":[{"href":"https:\/\/ocentrodedianacasa.igualdadebenestar.org\/index.php?rest_route=%2Fwp%2Fv2%2Fmedia&parent=5102"}],"wp:term":[{"taxonomy":"category","embeddable":true,"href":"https:\/\/ocentrodedianacasa.igualdadebenestar.org\/index.php?rest_route=%2Fwp%2Fv2%2Fcategories&post=5102"},{"taxonomy":"post_tag","embeddable":true,"href":"https:\/\/ocentrodedianacasa.igualdadebenestar.org\/index.php?rest_route=%2Fwp%2Fv2%2Ftags&post=5102"}],"curies":[{"name":"wp","href":"https:\/\/api.w.org\/{rel}","templated":true}]}}