{"id":5082,"date":"2024-08-27T13:11:54","date_gmt":"2024-08-27T11:11:54","guid":{"rendered":"https:\/\/ocentrodedianacasa.igualdadebenestar.org\/?p=5082"},"modified":"2024-08-27T13:11:55","modified_gmt":"2024-08-27T11:11:55","slug":"de-festas-en-baleira","status":"publish","type":"post","link":"https:\/\/ocentrodedianacasa.igualdadebenestar.org\/?p=5082","title":{"rendered":"De festas en Baleira"},"content":{"rendered":"\n<p>Os d\u00edas 11 e 12 de agosto, como todos os anos aqu\u00ed en o C\u00e1davo, cel\u00e9branse as festas patronais, na honra a San Cristovo. E a n\u00f3s, que nos gustan tanto as festas, tivemos que ir vela.<\/p>\n\n\n\n<p>Aproveitando que o d\u00eda 12 tam\u00e9n era d\u00eda de feira, comemos o polbo na feira antes de ir \u00e1 verbena. Unha vez rematamos puidemos ver a procesi\u00f3n. O santo \u00eda nun carro antigo de madeira, tirado por un cami\u00f3n adornado con flores, xunto con outros coches antigos e o grupo de gaitas e pandeiretas \u201cToxo Queimado\u201d.<\/p>\n\n\n\n<p>Despois, baixamos para o campo da festa, onde volveu a tocar o grupo de gaitas e pandeiretas, para despois darlle paso \u00e1 orquestra. Al\u00ed pasamos unha tarde moi amena bailando, cantando e tomando un refresco.<\/p>\n\n\n\n<figure class=\"wp-block-gallery columns-3 is-cropped\"><ul class=\"blocks-gallery-grid\"><li class=\"blocks-gallery-item\"><figure><img loading=\"lazy\" width=\"640\" height=\"498\" src=\"https:\/\/ocentrodedianacasa.igualdadebenestar.org\/wp-content\/uploads\/2024\/08\/Sillas.jpg\" alt=\"\" data-id=\"5083\" data-full-url=\"https:\/\/ocentrodedianacasa.igualdadebenestar.org\/wp-content\/uploads\/2024\/08\/Sillas.jpg\" data-link=\"https:\/\/ocentrodedianacasa.igualdadebenestar.org\/?attachment_id=5083\" class=\"wp-image-5083\" srcset=\"https:\/\/ocentrodedianacasa.igualdadebenestar.org\/wp-content\/uploads\/2024\/08\/Sillas.jpg 640w, https:\/\/ocentrodedianacasa.igualdadebenestar.org\/wp-content\/uploads\/2024\/08\/Sillas-300x233.jpg 300w\" sizes=\"(max-width: 640px) 100vw, 640px\" \/><\/figure><\/li><li class=\"blocks-gallery-item\"><figure><img loading=\"lazy\" width=\"480\" height=\"640\" src=\"https:\/\/ocentrodedianacasa.igualdadebenestar.org\/wp-content\/uploads\/2024\/08\/Todos.jpg\" alt=\"\" data-id=\"5084\" data-full-url=\"https:\/\/ocentrodedianacasa.igualdadebenestar.org\/wp-content\/uploads\/2024\/08\/Todos.jpg\" data-link=\"https:\/\/ocentrodedianacasa.igualdadebenestar.org\/?attachment_id=5084\" class=\"wp-image-5084\" srcset=\"https:\/\/ocentrodedianacasa.igualdadebenestar.org\/wp-content\/uploads\/2024\/08\/Todos.jpg 480w, https:\/\/ocentrodedianacasa.igualdadebenestar.org\/wp-content\/uploads\/2024\/08\/Todos-225x300.jpg 225w\" sizes=\"(max-width: 480px) 100vw, 480px\" \/><\/figure><\/li><li class=\"blocks-gallery-item\"><figure><img loading=\"lazy\" width=\"475\" height=\"640\" src=\"https:\/\/ocentrodedianacasa.igualdadebenestar.org\/wp-content\/uploads\/2024\/08\/Julia.jpg\" alt=\"\" data-id=\"5085\" data-full-url=\"https:\/\/ocentrodedianacasa.igualdadebenestar.org\/wp-content\/uploads\/2024\/08\/Julia.jpg\" data-link=\"https:\/\/ocentrodedianacasa.igualdadebenestar.org\/?attachment_id=5085\" class=\"wp-image-5085\" srcset=\"https:\/\/ocentrodedianacasa.igualdadebenestar.org\/wp-content\/uploads\/2024\/08\/Julia.jpg 475w, https:\/\/ocentrodedianacasa.igualdadebenestar.org\/wp-content\/uploads\/2024\/08\/Julia-223x300.jpg 223w\" sizes=\"(max-width: 475px) 100vw, 475px\" \/><\/figure><\/li><li class=\"blocks-gallery-item\"><figure><img loading=\"lazy\" width=\"481\" height=\"640\" src=\"https:\/\/ocentrodedianacasa.igualdadebenestar.org\/wp-content\/uploads\/2024\/08\/Pilar.jpg\" alt=\"\" data-id=\"5086\" data-full-url=\"https:\/\/ocentrodedianacasa.igualdadebenestar.org\/wp-content\/uploads\/2024\/08\/Pilar.jpg\" data-link=\"https:\/\/ocentrodedianacasa.igualdadebenestar.org\/?attachment_id=5086\" class=\"wp-image-5086\" srcset=\"https:\/\/ocentrodedianacasa.igualdadebenestar.org\/wp-content\/uploads\/2024\/08\/Pilar.jpg 481w, https:\/\/ocentrodedianacasa.igualdadebenestar.org\/wp-content\/uploads\/2024\/08\/Pilar-225x300.jpg 225w\" sizes=\"(max-width: 481px) 100vw, 481px\" \/><\/figure><\/li><li class=\"blocks-gallery-item\"><figure><img loading=\"lazy\" width=\"492\" height=\"640\" src=\"https:\/\/ocentrodedianacasa.igualdadebenestar.org\/wp-content\/uploads\/2024\/08\/Eladio.jpg\" alt=\"\" data-id=\"5087\" data-full-url=\"https:\/\/ocentrodedianacasa.igualdadebenestar.org\/wp-content\/uploads\/2024\/08\/Eladio.jpg\" data-link=\"https:\/\/ocentrodedianacasa.igualdadebenestar.org\/?attachment_id=5087\" class=\"wp-image-5087\" srcset=\"https:\/\/ocentrodedianacasa.igualdadebenestar.org\/wp-content\/uploads\/2024\/08\/Eladio.jpg 492w, https:\/\/ocentrodedianacasa.igualdadebenestar.org\/wp-content\/uploads\/2024\/08\/Eladio-231x300.jpg 231w\" sizes=\"(max-width: 492px) 100vw, 492px\" \/><\/figure><\/li><\/ul><\/figure>\n ","protected":false},"excerpt":{"rendered":"<p>Os d\u00edas 11 e 12 de agosto, como todos os anos aqu\u00ed en o C\u00e1davo, cel\u00e9branse as festas patronais, na honra a San Cristovo. E a n\u00f3s, que nos gustan <a class=\"more-link\" href=\"https:\/\/ocentrodedianacasa.igualdadebenestar.org\/?p=5082\">Continue Reading &rarr;<\/a><\/p>\n","protected":false},"author":3,"featured_media":0,"comment_status":"closed","ping_status":"open","sticky":false,"template":"","format":"standard","meta":[],"categories":[44],"tags":[],"post_mailing_queue_ids":[],"_links":{"self":[{"href":"https:\/\/ocentrodedianacasa.igualdadebenestar.org\/index.php?rest_route=\/wp\/v2\/posts\/5082"}],"collection":[{"href":"https:\/\/ocentrodedianacasa.igualdadebenestar.org\/index.php?rest_route=\/wp\/v2\/posts"}],"about":[{"href":"https:\/\/ocentrodedianacasa.igualdadebenestar.org\/index.php?rest_route=\/wp\/v2\/types\/post"}],"author":[{"embeddable":true,"href":"https:\/\/ocentrodedianacasa.igualdadebenestar.org\/index.php?rest_route=\/wp\/v2\/users\/3"}],"replies":[{"embeddable":true,"href":"https:\/\/ocentrodedianacasa.igualdadebenestar.org\/index.php?rest_route=%2Fwp%2Fv2%2Fcomments&post=5082"}],"version-history":[{"count":1,"href":"https:\/\/ocentrodedianacasa.igualdadebenestar.org\/index.php?rest_route=\/wp\/v2\/posts\/5082\/revisions"}],"predecessor-version":[{"id":5088,"href":"https:\/\/ocentrodedianacasa.igualdadebenestar.org\/index.php?rest_route=\/wp\/v2\/posts\/5082\/revisions\/5088"}],"wp:attachment":[{"href":"https:\/\/ocentrodedianacasa.igualdadebenestar.org\/index.php?rest_route=%2Fwp%2Fv2%2Fmedia&parent=5082"}],"wp:term":[{"taxonomy":"category","embeddable":true,"href":"https:\/\/ocentrodedianacasa.igualdadebenestar.org\/index.php?rest_route=%2Fwp%2Fv2%2Fcategories&post=5082"},{"taxonomy":"post_tag","embeddable":true,"href":"https:\/\/ocentrodedianacasa.igualdadebenestar.org\/index.php?rest_route=%2Fwp%2Fv2%2Ftags&post=5082"}],"curies":[{"name":"wp","href":"https:\/\/api.w.org\/{rel}","templated":true}]}}