{"id":5025,"date":"2024-08-06T10:39:46","date_gmt":"2024-08-06T08:39:46","guid":{"rendered":"https:\/\/ocentrodedianacasa.igualdadebenestar.org\/?p=5025"},"modified":"2024-08-06T10:39:48","modified_gmt":"2024-08-06T08:39:48","slug":"dende-baleira-ata-a-marina","status":"publish","type":"post","link":"https:\/\/ocentrodedianacasa.igualdadebenestar.org\/?p=5025","title":{"rendered":"Dende Baleira ata a Mari\u00f1a"},"content":{"rendered":"\n<p>O d\u00eda 1 de agosto, os usuarios\/as do CAPM de Baleira fixeron unha sa\u00edda sociocultural \u00e1 Mari\u00f1a lucense, en concreto a Foz.<\/p>\n\n\n\n<p>Sa\u00edmos por a ma\u00f1\u00e1 do centro e, de cami\u00f1o \u00e1 praia, fixemos unha parada en Mondo\u00f1edo para visitar a catedral e o seu museo. Dentro do museo, puidemos ver cadros, esculturas, c\u00e1lices e outras moitas pezas relixiosas antigas.<\/p>\n\n\n\n<figure class=\"wp-block-image size-large\"><img loading=\"lazy\" width=\"640\" height=\"465\" src=\"https:\/\/ocentrodedianacasa.igualdadebenestar.org\/wp-content\/uploads\/2024\/08\/catedral.jpg\" alt=\"\" class=\"wp-image-5026\" srcset=\"https:\/\/ocentrodedianacasa.igualdadebenestar.org\/wp-content\/uploads\/2024\/08\/catedral.jpg 640w, https:\/\/ocentrodedianacasa.igualdadebenestar.org\/wp-content\/uploads\/2024\/08\/catedral-300x218.jpg 300w\" sizes=\"(max-width: 640px) 100vw, 640px\" \/><\/figure>\n\n\n\n<figure class=\"wp-block-image size-large\"><img loading=\"lazy\" width=\"640\" height=\"481\" src=\"https:\/\/ocentrodedianacasa.igualdadebenestar.org\/wp-content\/uploads\/2024\/08\/catedral-2.jpg\" alt=\"\" class=\"wp-image-5027\" srcset=\"https:\/\/ocentrodedianacasa.igualdadebenestar.org\/wp-content\/uploads\/2024\/08\/catedral-2.jpg 640w, https:\/\/ocentrodedianacasa.igualdadebenestar.org\/wp-content\/uploads\/2024\/08\/catedral-2-300x225.jpg 300w\" sizes=\"(max-width: 640px) 100vw, 640px\" \/><\/figure>\n\n\n\n<p>Unha vez rematada a visita, dirix\u00edmonos a Foz, a onde chegamos para xantar. Despois de xantar, baixamos \u00f3 areal para desfrutar dunha longa tarde de praia todos\/as xuntos\/as. E para rematar a xornada, tomamos un xeado antes de emprender a viaxe de volta. Foi un d\u00eda diferente e moi divertido para todos\/as.<\/p>\n\n\n\n<figure class=\"wp-block-image size-large\"><img loading=\"lazy\" width=\"1024\" height=\"716\" src=\"https:\/\/ocentrodedianacasa.igualdadebenestar.org\/wp-content\/uploads\/2024\/08\/playa-1024x716.jpg\" alt=\"\" class=\"wp-image-5029\" srcset=\"https:\/\/ocentrodedianacasa.igualdadebenestar.org\/wp-content\/uploads\/2024\/08\/playa-1024x716.jpg 1024w, https:\/\/ocentrodedianacasa.igualdadebenestar.org\/wp-content\/uploads\/2024\/08\/playa-300x210.jpg 300w, https:\/\/ocentrodedianacasa.igualdadebenestar.org\/wp-content\/uploads\/2024\/08\/playa-768x537.jpg 768w, https:\/\/ocentrodedianacasa.igualdadebenestar.org\/wp-content\/uploads\/2024\/08\/playa-1536x1074.jpg 1536w, https:\/\/ocentrodedianacasa.igualdadebenestar.org\/wp-content\/uploads\/2024\/08\/playa.jpg 1597w\" sizes=\"(max-width: 1024px) 100vw, 1024px\" \/><\/figure>\n\n\n\n<div class=\"wp-block-image\"><figure class=\"aligncenter size-large is-resized\"><img loading=\"lazy\" src=\"https:\/\/ocentrodedianacasa.igualdadebenestar.org\/wp-content\/uploads\/2024\/08\/emerita.jpg\" alt=\"\" class=\"wp-image-5028\" width=\"377\" height=\"502\" srcset=\"https:\/\/ocentrodedianacasa.igualdadebenestar.org\/wp-content\/uploads\/2024\/08\/emerita.jpg 481w, https:\/\/ocentrodedianacasa.igualdadebenestar.org\/wp-content\/uploads\/2024\/08\/emerita-225x300.jpg 225w\" sizes=\"(max-width: 377px) 100vw, 377px\" \/><\/figure><\/div>\n\n\n\n<figure class=\"wp-block-image size-large\"><img loading=\"lazy\" width=\"768\" height=\"1024\" src=\"https:\/\/ocentrodedianacasa.igualdadebenestar.org\/wp-content\/uploads\/2024\/08\/playa-2-768x1024.jpg\" alt=\"\" class=\"wp-image-5030\" srcset=\"https:\/\/ocentrodedianacasa.igualdadebenestar.org\/wp-content\/uploads\/2024\/08\/playa-2-768x1024.jpg 768w, https:\/\/ocentrodedianacasa.igualdadebenestar.org\/wp-content\/uploads\/2024\/08\/playa-2-225x300.jpg 225w, https:\/\/ocentrodedianacasa.igualdadebenestar.org\/wp-content\/uploads\/2024\/08\/playa-2.jpg 1072w\" sizes=\"(max-width: 768px) 100vw, 768px\" \/><\/figure>\n ","protected":false},"excerpt":{"rendered":"<p>O d\u00eda 1 de agosto, os usuarios\/as do CAPM de Baleira fixeron unha sa\u00edda sociocultural \u00e1 Mari\u00f1a lucense, en concreto a Foz. Sa\u00edmos por a ma\u00f1\u00e1 do centro e, de <a class=\"more-link\" href=\"https:\/\/ocentrodedianacasa.igualdadebenestar.org\/?p=5025\">Continue Reading &rarr;<\/a><\/p>\n","protected":false},"author":5,"featured_media":0,"comment_status":"closed","ping_status":"open","sticky":false,"template":"","format":"standard","meta":[],"categories":[135,66],"tags":[],"post_mailing_queue_ids":[],"_links":{"self":[{"href":"https:\/\/ocentrodedianacasa.igualdadebenestar.org\/index.php?rest_route=\/wp\/v2\/posts\/5025"}],"collection":[{"href":"https:\/\/ocentrodedianacasa.igualdadebenestar.org\/index.php?rest_route=\/wp\/v2\/posts"}],"about":[{"href":"https:\/\/ocentrodedianacasa.igualdadebenestar.org\/index.php?rest_route=\/wp\/v2\/types\/post"}],"author":[{"embeddable":true,"href":"https:\/\/ocentrodedianacasa.igualdadebenestar.org\/index.php?rest_route=\/wp\/v2\/users\/5"}],"replies":[{"embeddable":true,"href":"https:\/\/ocentrodedianacasa.igualdadebenestar.org\/index.php?rest_route=%2Fwp%2Fv2%2Fcomments&post=5025"}],"version-history":[{"count":1,"href":"https:\/\/ocentrodedianacasa.igualdadebenestar.org\/index.php?rest_route=\/wp\/v2\/posts\/5025\/revisions"}],"predecessor-version":[{"id":5031,"href":"https:\/\/ocentrodedianacasa.igualdadebenestar.org\/index.php?rest_route=\/wp\/v2\/posts\/5025\/revisions\/5031"}],"wp:attachment":[{"href":"https:\/\/ocentrodedianacasa.igualdadebenestar.org\/index.php?rest_route=%2Fwp%2Fv2%2Fmedia&parent=5025"}],"wp:term":[{"taxonomy":"category","embeddable":true,"href":"https:\/\/ocentrodedianacasa.igualdadebenestar.org\/index.php?rest_route=%2Fwp%2Fv2%2Fcategories&post=5025"},{"taxonomy":"post_tag","embeddable":true,"href":"https:\/\/ocentrodedianacasa.igualdadebenestar.org\/index.php?rest_route=%2Fwp%2Fv2%2Ftags&post=5025"}],"curies":[{"name":"wp","href":"https:\/\/api.w.org\/{rel}","templated":true}]}}