{"id":5017,"date":"2024-08-01T08:26:11","date_gmt":"2024-08-01T06:26:11","guid":{"rendered":"https:\/\/ocentrodedianacasa.igualdadebenestar.org\/?p=5017"},"modified":"2024-08-01T08:26:12","modified_gmt":"2024-08-01T06:26:12","slug":"cafe-terapeutico","status":"publish","type":"post","link":"https:\/\/ocentrodedianacasa.igualdadebenestar.org\/?p=5017","title":{"rendered":"Caf\u00e9 terap\u00e9utico"},"content":{"rendered":"\n<p>As sa\u00eddas e actividades f\u00f3ra do centro son un est\u00edmulo motivador para moitas persoas usuarias do centro. Entre as actividades exteriores, no Centro de D\u00eda de Begonte, as persoas usuarias a que m\u00e1is demandan con emoci\u00f3n, \u00e9 a sa\u00edda a tomar o caf\u00e9, algo tan sinxelo pero que tanto lles gusta e agradecen. <\/p>\n\n\n\n<figure class=\"wp-block-image size-large\"><img loading=\"lazy\" width=\"1024\" height=\"576\" src=\"https:\/\/ocentrodedianacasa.igualdadebenestar.org\/wp-content\/uploads\/2024\/08\/WhatsApp-Image-2024-07-26-at-18.03.34-1024x576.jpeg\" alt=\"\" class=\"wp-image-5018\" srcset=\"https:\/\/ocentrodedianacasa.igualdadebenestar.org\/wp-content\/uploads\/2024\/08\/WhatsApp-Image-2024-07-26-at-18.03.34-1024x576.jpeg 1024w, https:\/\/ocentrodedianacasa.igualdadebenestar.org\/wp-content\/uploads\/2024\/08\/WhatsApp-Image-2024-07-26-at-18.03.34-300x169.jpeg 300w, https:\/\/ocentrodedianacasa.igualdadebenestar.org\/wp-content\/uploads\/2024\/08\/WhatsApp-Image-2024-07-26-at-18.03.34-768x432.jpeg 768w, https:\/\/ocentrodedianacasa.igualdadebenestar.org\/wp-content\/uploads\/2024\/08\/WhatsApp-Image-2024-07-26-at-18.03.34-1536x864.jpeg 1536w, https:\/\/ocentrodedianacasa.igualdadebenestar.org\/wp-content\/uploads\/2024\/08\/WhatsApp-Image-2024-07-26-at-18.03.34-2048x1152.jpeg 2048w\" sizes=\"(max-width: 1024px) 100vw, 1024px\" \/><\/figure>\n\n\n\n<p>As relaci\u00f3ns sociais con veci\u00f1os e veci\u00f1as do pobo normalizan o seu d\u00eda a d\u00eda sendo part\u00edcipes da vida social do pobo e membros da comunidade. No mes de xullo, aproveitamos a chegada do bo tempo e sa\u00edmos a tomar o caf\u00e9 a terraza m\u00e1is pr\u00f3xima, onde nos nutrimos de vitamina D e ao mesmo tempo  pux\u00e9monos en contacto coa comunidade. Destacar que como bos e boas galegas\u2026 hai quen se pelexou por convidar as consumici\u00f3ns!<\/p>\n\n\n\n<div class=\"wp-block-image\"><figure class=\"aligncenter size-large\"><img loading=\"lazy\" width=\"1024\" height=\"576\" src=\"https:\/\/ocentrodedianacasa.igualdadebenestar.org\/wp-content\/uploads\/2024\/08\/WhatsApp-Image-2024-07-26-at-18.03.35-2-1024x576.jpeg\" alt=\"\" class=\"wp-image-5019\" srcset=\"https:\/\/ocentrodedianacasa.igualdadebenestar.org\/wp-content\/uploads\/2024\/08\/WhatsApp-Image-2024-07-26-at-18.03.35-2-1024x576.jpeg 1024w, https:\/\/ocentrodedianacasa.igualdadebenestar.org\/wp-content\/uploads\/2024\/08\/WhatsApp-Image-2024-07-26-at-18.03.35-2-300x169.jpeg 300w, https:\/\/ocentrodedianacasa.igualdadebenestar.org\/wp-content\/uploads\/2024\/08\/WhatsApp-Image-2024-07-26-at-18.03.35-2-768x432.jpeg 768w, https:\/\/ocentrodedianacasa.igualdadebenestar.org\/wp-content\/uploads\/2024\/08\/WhatsApp-Image-2024-07-26-at-18.03.35-2-1536x864.jpeg 1536w, https:\/\/ocentrodedianacasa.igualdadebenestar.org\/wp-content\/uploads\/2024\/08\/WhatsApp-Image-2024-07-26-at-18.03.35-2-2048x1152.jpeg 2048w\" sizes=\"(max-width: 1024px) 100vw, 1024px\" \/><\/figure><\/div>\n\n\n\n<div class=\"wp-block-image\"><figure class=\"aligncenter size-large\"><img loading=\"lazy\" width=\"1024\" height=\"576\" src=\"https:\/\/ocentrodedianacasa.igualdadebenestar.org\/wp-content\/uploads\/2024\/08\/WhatsApp-Image-2024-07-29-at-14.01.55-1-1024x576.jpeg\" alt=\"\" class=\"wp-image-5020\" srcset=\"https:\/\/ocentrodedianacasa.igualdadebenestar.org\/wp-content\/uploads\/2024\/08\/WhatsApp-Image-2024-07-29-at-14.01.55-1-1024x576.jpeg 1024w, https:\/\/ocentrodedianacasa.igualdadebenestar.org\/wp-content\/uploads\/2024\/08\/WhatsApp-Image-2024-07-29-at-14.01.55-1-300x169.jpeg 300w, https:\/\/ocentrodedianacasa.igualdadebenestar.org\/wp-content\/uploads\/2024\/08\/WhatsApp-Image-2024-07-29-at-14.01.55-1-768x432.jpeg 768w, https:\/\/ocentrodedianacasa.igualdadebenestar.org\/wp-content\/uploads\/2024\/08\/WhatsApp-Image-2024-07-29-at-14.01.55-1-1536x864.jpeg 1536w, https:\/\/ocentrodedianacasa.igualdadebenestar.org\/wp-content\/uploads\/2024\/08\/WhatsApp-Image-2024-07-29-at-14.01.55-1.jpeg 1600w\" sizes=\"(max-width: 1024px) 100vw, 1024px\" \/><\/figure><\/div>\n\n\n\n<div class=\"wp-block-image\"><figure class=\"alignleft size-large is-resized\"><img loading=\"lazy\" src=\"https:\/\/ocentrodedianacasa.igualdadebenestar.org\/wp-content\/uploads\/2024\/08\/WhatsApp-Image-2024-07-29-at-14.02.03-1-576x1024.jpeg\" alt=\"\" class=\"wp-image-5021\" width=\"314\" height=\"558\" srcset=\"https:\/\/ocentrodedianacasa.igualdadebenestar.org\/wp-content\/uploads\/2024\/08\/WhatsApp-Image-2024-07-29-at-14.02.03-1-576x1024.jpeg 576w, https:\/\/ocentrodedianacasa.igualdadebenestar.org\/wp-content\/uploads\/2024\/08\/WhatsApp-Image-2024-07-29-at-14.02.03-1-169x300.jpeg 169w, https:\/\/ocentrodedianacasa.igualdadebenestar.org\/wp-content\/uploads\/2024\/08\/WhatsApp-Image-2024-07-29-at-14.02.03-1-768x1365.jpeg 768w, https:\/\/ocentrodedianacasa.igualdadebenestar.org\/wp-content\/uploads\/2024\/08\/WhatsApp-Image-2024-07-29-at-14.02.03-1-864x1536.jpeg 864w, https:\/\/ocentrodedianacasa.igualdadebenestar.org\/wp-content\/uploads\/2024\/08\/WhatsApp-Image-2024-07-29-at-14.02.03-1.jpeg 900w\" sizes=\"(max-width: 314px) 100vw, 314px\" \/><\/figure><\/div>\n\n\n\n<figure class=\"wp-block-image size-large is-resized\"><img loading=\"lazy\" src=\"https:\/\/ocentrodedianacasa.igualdadebenestar.org\/wp-content\/uploads\/2024\/08\/WhatsApp-Image-2024-07-29-at-14.02.03-2-576x1024.jpeg\" alt=\"\" class=\"wp-image-5022\" width=\"321\" height=\"570\" srcset=\"https:\/\/ocentrodedianacasa.igualdadebenestar.org\/wp-content\/uploads\/2024\/08\/WhatsApp-Image-2024-07-29-at-14.02.03-2-576x1024.jpeg 576w, https:\/\/ocentrodedianacasa.igualdadebenestar.org\/wp-content\/uploads\/2024\/08\/WhatsApp-Image-2024-07-29-at-14.02.03-2-169x300.jpeg 169w, https:\/\/ocentrodedianacasa.igualdadebenestar.org\/wp-content\/uploads\/2024\/08\/WhatsApp-Image-2024-07-29-at-14.02.03-2-768x1365.jpeg 768w, https:\/\/ocentrodedianacasa.igualdadebenestar.org\/wp-content\/uploads\/2024\/08\/WhatsApp-Image-2024-07-29-at-14.02.03-2-864x1536.jpeg 864w, https:\/\/ocentrodedianacasa.igualdadebenestar.org\/wp-content\/uploads\/2024\/08\/WhatsApp-Image-2024-07-29-at-14.02.03-2.jpeg 900w\" sizes=\"(max-width: 321px) 100vw, 321px\" \/><\/figure>\n\n\n\n<p><\/p>\n ","protected":false},"excerpt":{"rendered":"<p>As sa\u00eddas e actividades f\u00f3ra do centro son un est\u00edmulo motivador para moitas persoas usuarias do centro. Entre as actividades exteriores, no Centro de D\u00eda de Begonte, as persoas usuarias <a class=\"more-link\" href=\"https:\/\/ocentrodedianacasa.igualdadebenestar.org\/?p=5017\">Continue Reading &rarr;<\/a><\/p>\n","protected":false},"author":5,"featured_media":0,"comment_status":"closed","ping_status":"open","sticky":false,"template":"","format":"standard","meta":[],"categories":[137,135,66],"tags":[],"post_mailing_queue_ids":[],"_links":{"self":[{"href":"https:\/\/ocentrodedianacasa.igualdadebenestar.org\/index.php?rest_route=\/wp\/v2\/posts\/5017"}],"collection":[{"href":"https:\/\/ocentrodedianacasa.igualdadebenestar.org\/index.php?rest_route=\/wp\/v2\/posts"}],"about":[{"href":"https:\/\/ocentrodedianacasa.igualdadebenestar.org\/index.php?rest_route=\/wp\/v2\/types\/post"}],"author":[{"embeddable":true,"href":"https:\/\/ocentrodedianacasa.igualdadebenestar.org\/index.php?rest_route=\/wp\/v2\/users\/5"}],"replies":[{"embeddable":true,"href":"https:\/\/ocentrodedianacasa.igualdadebenestar.org\/index.php?rest_route=%2Fwp%2Fv2%2Fcomments&post=5017"}],"version-history":[{"count":1,"href":"https:\/\/ocentrodedianacasa.igualdadebenestar.org\/index.php?rest_route=\/wp\/v2\/posts\/5017\/revisions"}],"predecessor-version":[{"id":5023,"href":"https:\/\/ocentrodedianacasa.igualdadebenestar.org\/index.php?rest_route=\/wp\/v2\/posts\/5017\/revisions\/5023"}],"wp:attachment":[{"href":"https:\/\/ocentrodedianacasa.igualdadebenestar.org\/index.php?rest_route=%2Fwp%2Fv2%2Fmedia&parent=5017"}],"wp:term":[{"taxonomy":"category","embeddable":true,"href":"https:\/\/ocentrodedianacasa.igualdadebenestar.org\/index.php?rest_route=%2Fwp%2Fv2%2Fcategories&post=5017"},{"taxonomy":"post_tag","embeddable":true,"href":"https:\/\/ocentrodedianacasa.igualdadebenestar.org\/index.php?rest_route=%2Fwp%2Fv2%2Ftags&post=5017"}],"curies":[{"name":"wp","href":"https:\/\/api.w.org\/{rel}","templated":true}]}}