{"id":4907,"date":"2024-07-05T09:35:44","date_gmt":"2024-07-05T07:35:44","guid":{"rendered":"https:\/\/ocentrodedianacasa.igualdadebenestar.org\/?p=4907"},"modified":"2024-07-05T09:35:45","modified_gmt":"2024-07-05T07:35:45","slug":"charla-sobre-seguridade-dende-centro-de-dia-de-abadin","status":"publish","type":"post","link":"https:\/\/ocentrodedianacasa.igualdadebenestar.org\/?p=4907","title":{"rendered":"Charla sobre seguridade dende centro de d\u00eda de Abad\u00edn"},"content":{"rendered":"\n<p>Dende o Concello de Abad\u00edn invit\u00e1ronnos a participar nunha charla organizada pola Guardia Civil. Nesta charla puidemos facer un recordo sobre que cousas ter en conta, facer e detectar para estar m\u00e1is seguros nas casas e nas r\u00faas. Tam\u00e9n pux\u00e9ronnos ao d\u00eda sobre como previr estafas e abusos de confianza. Foi moi interesante todo o que nos contaron. Aqu\u00ed deix\u00e1mosvos unhas imaxes de como foi acudir a esta charla!<\/p>\n\n\n\n<figure class=\"wp-block-image size-large\"><img loading=\"lazy\" width=\"768\" height=\"1024\" src=\"https:\/\/ocentrodedianacasa.igualdadebenestar.org\/wp-content\/uploads\/2024\/07\/02.-Charla-Guardia-Civil-768x1024.jpeg\" alt=\"\" class=\"wp-image-4908\" srcset=\"https:\/\/ocentrodedianacasa.igualdadebenestar.org\/wp-content\/uploads\/2024\/07\/02.-Charla-Guardia-Civil-768x1024.jpeg 768w, https:\/\/ocentrodedianacasa.igualdadebenestar.org\/wp-content\/uploads\/2024\/07\/02.-Charla-Guardia-Civil-225x300.jpeg 225w, https:\/\/ocentrodedianacasa.igualdadebenestar.org\/wp-content\/uploads\/2024\/07\/02.-Charla-Guardia-Civil-1152x1536.jpeg 1152w, https:\/\/ocentrodedianacasa.igualdadebenestar.org\/wp-content\/uploads\/2024\/07\/02.-Charla-Guardia-Civil.jpeg 1536w\" sizes=\"(max-width: 768px) 100vw, 768px\" \/><\/figure>\n ","protected":false},"excerpt":{"rendered":"<p>Dende o Concello de Abad\u00edn invit\u00e1ronnos a participar nunha charla organizada pola Guardia Civil. Nesta charla puidemos facer un recordo sobre que cousas ter en conta, facer e detectar para <a class=\"more-link\" href=\"https:\/\/ocentrodedianacasa.igualdadebenestar.org\/?p=4907\">Continue Reading &rarr;<\/a><\/p>\n","protected":false},"author":3,"featured_media":0,"comment_status":"closed","ping_status":"open","sticky":false,"template":"","format":"standard","meta":[],"categories":[22],"tags":[],"post_mailing_queue_ids":[],"_links":{"self":[{"href":"https:\/\/ocentrodedianacasa.igualdadebenestar.org\/index.php?rest_route=\/wp\/v2\/posts\/4907"}],"collection":[{"href":"https:\/\/ocentrodedianacasa.igualdadebenestar.org\/index.php?rest_route=\/wp\/v2\/posts"}],"about":[{"href":"https:\/\/ocentrodedianacasa.igualdadebenestar.org\/index.php?rest_route=\/wp\/v2\/types\/post"}],"author":[{"embeddable":true,"href":"https:\/\/ocentrodedianacasa.igualdadebenestar.org\/index.php?rest_route=\/wp\/v2\/users\/3"}],"replies":[{"embeddable":true,"href":"https:\/\/ocentrodedianacasa.igualdadebenestar.org\/index.php?rest_route=%2Fwp%2Fv2%2Fcomments&post=4907"}],"version-history":[{"count":1,"href":"https:\/\/ocentrodedianacasa.igualdadebenestar.org\/index.php?rest_route=\/wp\/v2\/posts\/4907\/revisions"}],"predecessor-version":[{"id":4909,"href":"https:\/\/ocentrodedianacasa.igualdadebenestar.org\/index.php?rest_route=\/wp\/v2\/posts\/4907\/revisions\/4909"}],"wp:attachment":[{"href":"https:\/\/ocentrodedianacasa.igualdadebenestar.org\/index.php?rest_route=%2Fwp%2Fv2%2Fmedia&parent=4907"}],"wp:term":[{"taxonomy":"category","embeddable":true,"href":"https:\/\/ocentrodedianacasa.igualdadebenestar.org\/index.php?rest_route=%2Fwp%2Fv2%2Fcategories&post=4907"},{"taxonomy":"post_tag","embeddable":true,"href":"https:\/\/ocentrodedianacasa.igualdadebenestar.org\/index.php?rest_route=%2Fwp%2Fv2%2Ftags&post=4907"}],"curies":[{"name":"wp","href":"https:\/\/api.w.org\/{rel}","templated":true}]}}