{"id":4463,"date":"2023-11-24T11:16:00","date_gmt":"2023-11-24T10:16:00","guid":{"rendered":"https:\/\/ocentrodedianacasa.igualdadebenestar.org\/?p=4463"},"modified":"2023-11-27T11:18:20","modified_gmt":"2023-11-27T10:18:20","slug":"celebracion-do-dia-internacional-para-a-eliminacion-da-violencia-contra-as-mulleres-dende-o-centro-de-dia-de-ferrol-caranza","status":"publish","type":"post","link":"https:\/\/ocentrodedianacasa.igualdadebenestar.org\/?p=4463","title":{"rendered":"Celebraci\u00f3n do d\u00eda Internacional para a Eliminaci\u00f3n da Violencia contra as Mulleres dende o centro de d\u00eda de Ferrol Caranza"},"content":{"rendered":"\n<p>O 24 de novembro no centro de d\u00eda Ferrol-Carnza recibimos unha visita<strong> moi especial; os nenos de primaria do CEIP Ledicia do barrio de Caranza de Ferrol.<\/strong><\/p>\n\n\n\n<p><strong>A visita englobase dentro das actividades organizadas, c<\/strong><strong>on motivo do <\/strong><strong>D\u00eda Internacional para a Eliminaci\u00f3n da Violencia contra as Mulleres<\/strong><strong>, que se celebra o vindeiro 25 de novembro, con esta actividade pretendese sensibilizar a comunidade do grave problema arraigado na sociedade como \u00e9 a violencia \u00e1s mulleres.<\/strong><\/p>\n\n\n\n<p><strong>As nenas e nenos agasallaron \u00e1s persoas usuarias con un bonito marcap\u00e1xinas morado, despois compartimos diversas pezas musicais interpretadas tanto polas persoas usuarias como polas nenas e nenos.<\/strong><\/p>\n\n\n\n<figure class=\"wp-block-image size-large\"><img loading=\"lazy\" width=\"1020\" height=\"768\" src=\"https:\/\/ocentrodedianacasa.igualdadebenestar.org\/wp-content\/uploads\/2023\/11\/25N_1_.jpg\" alt=\"\" class=\"wp-image-4464\" srcset=\"https:\/\/ocentrodedianacasa.igualdadebenestar.org\/wp-content\/uploads\/2023\/11\/25N_1_.jpg 1020w, https:\/\/ocentrodedianacasa.igualdadebenestar.org\/wp-content\/uploads\/2023\/11\/25N_1_-300x226.jpg 300w, https:\/\/ocentrodedianacasa.igualdadebenestar.org\/wp-content\/uploads\/2023\/11\/25N_1_-768x578.jpg 768w\" sizes=\"(max-width: 1020px) 100vw, 1020px\" \/><\/figure>\n ","protected":false},"excerpt":{"rendered":"<p>O 24 de novembro no centro de d\u00eda Ferrol-Carnza recibimos unha visita moi especial; os nenos de primaria do CEIP Ledicia do barrio de Caranza de Ferrol. A visita englobase <a class=\"more-link\" href=\"https:\/\/ocentrodedianacasa.igualdadebenestar.org\/?p=4463\">Continue Reading &rarr;<\/a><\/p>\n","protected":false},"author":3,"featured_media":0,"comment_status":"closed","ping_status":"open","sticky":false,"template":"","format":"standard","meta":[],"categories":[44],"tags":[],"post_mailing_queue_ids":[],"_links":{"self":[{"href":"https:\/\/ocentrodedianacasa.igualdadebenestar.org\/index.php?rest_route=\/wp\/v2\/posts\/4463"}],"collection":[{"href":"https:\/\/ocentrodedianacasa.igualdadebenestar.org\/index.php?rest_route=\/wp\/v2\/posts"}],"about":[{"href":"https:\/\/ocentrodedianacasa.igualdadebenestar.org\/index.php?rest_route=\/wp\/v2\/types\/post"}],"author":[{"embeddable":true,"href":"https:\/\/ocentrodedianacasa.igualdadebenestar.org\/index.php?rest_route=\/wp\/v2\/users\/3"}],"replies":[{"embeddable":true,"href":"https:\/\/ocentrodedianacasa.igualdadebenestar.org\/index.php?rest_route=%2Fwp%2Fv2%2Fcomments&post=4463"}],"version-history":[{"count":1,"href":"https:\/\/ocentrodedianacasa.igualdadebenestar.org\/index.php?rest_route=\/wp\/v2\/posts\/4463\/revisions"}],"predecessor-version":[{"id":4465,"href":"https:\/\/ocentrodedianacasa.igualdadebenestar.org\/index.php?rest_route=\/wp\/v2\/posts\/4463\/revisions\/4465"}],"wp:attachment":[{"href":"https:\/\/ocentrodedianacasa.igualdadebenestar.org\/index.php?rest_route=%2Fwp%2Fv2%2Fmedia&parent=4463"}],"wp:term":[{"taxonomy":"category","embeddable":true,"href":"https:\/\/ocentrodedianacasa.igualdadebenestar.org\/index.php?rest_route=%2Fwp%2Fv2%2Fcategories&post=4463"},{"taxonomy":"post_tag","embeddable":true,"href":"https:\/\/ocentrodedianacasa.igualdadebenestar.org\/index.php?rest_route=%2Fwp%2Fv2%2Ftags&post=4463"}],"curies":[{"name":"wp","href":"https:\/\/api.w.org\/{rel}","templated":true}]}}