{"id":4457,"date":"2023-11-30T11:08:00","date_gmt":"2023-11-30T10:08:00","guid":{"rendered":"https:\/\/ocentrodedianacasa.igualdadebenestar.org\/?p=4457"},"modified":"2023-11-27T11:10:32","modified_gmt":"2023-11-27T10:10:32","slug":"visita-de-concerto-dende-o-centro-de-dia-de-ferrol-caranza","status":"publish","type":"post","link":"https:\/\/ocentrodedianacasa.igualdadebenestar.org\/?p=4457","title":{"rendered":"Visita de concerto dende o centro de d\u00eda de Ferrol Caranza"},"content":{"rendered":"\n<p>O pasado 23 de novembro, un grupo de persoas usuarias do centro de d\u00eda de Ferrol-Caranza acompa\u00f1adas de tres traballadoras do centro, acudiron ao concerto que a Banda do Tercio<strong> Norte de Infanter\u00eda realizou no sal\u00f3n de actos do colexio Lestonnac de Caranza para festexar o 50 aniversario do centro educativo.<\/strong><\/p>\n\n\n\n<p><strong>A agrupaci\u00f3n musical Banda do Tercio Norte de Infanter\u00eda conta con m\u00e1is de 150 anos de historia. A banda interpretou diferentes pezas musicais sobranceiras para o desfrute de todos os asistentes.<\/strong><\/p>\n\n\n\n<figure class=\"wp-block-image size-large\"><img loading=\"lazy\" width=\"800\" height=\"600\" src=\"https:\/\/ocentrodedianacasa.igualdadebenestar.org\/wp-content\/uploads\/2023\/11\/concerto3_.jpg\" alt=\"\" class=\"wp-image-4458\" srcset=\"https:\/\/ocentrodedianacasa.igualdadebenestar.org\/wp-content\/uploads\/2023\/11\/concerto3_.jpg 800w, https:\/\/ocentrodedianacasa.igualdadebenestar.org\/wp-content\/uploads\/2023\/11\/concerto3_-300x225.jpg 300w, https:\/\/ocentrodedianacasa.igualdadebenestar.org\/wp-content\/uploads\/2023\/11\/concerto3_-768x576.jpg 768w\" sizes=\"(max-width: 800px) 100vw, 800px\" \/><\/figure>\n ","protected":false},"excerpt":{"rendered":"<p>O pasado 23 de novembro, un grupo de persoas usuarias do centro de d\u00eda de Ferrol-Caranza acompa\u00f1adas de tres traballadoras do centro, acudiron ao concerto que a Banda do Tercio <a class=\"more-link\" href=\"https:\/\/ocentrodedianacasa.igualdadebenestar.org\/?p=4457\">Continue Reading &rarr;<\/a><\/p>\n","protected":false},"author":3,"featured_media":0,"comment_status":"closed","ping_status":"open","sticky":false,"template":"","format":"standard","meta":[],"categories":[22],"tags":[],"post_mailing_queue_ids":[],"_links":{"self":[{"href":"https:\/\/ocentrodedianacasa.igualdadebenestar.org\/index.php?rest_route=\/wp\/v2\/posts\/4457"}],"collection":[{"href":"https:\/\/ocentrodedianacasa.igualdadebenestar.org\/index.php?rest_route=\/wp\/v2\/posts"}],"about":[{"href":"https:\/\/ocentrodedianacasa.igualdadebenestar.org\/index.php?rest_route=\/wp\/v2\/types\/post"}],"author":[{"embeddable":true,"href":"https:\/\/ocentrodedianacasa.igualdadebenestar.org\/index.php?rest_route=\/wp\/v2\/users\/3"}],"replies":[{"embeddable":true,"href":"https:\/\/ocentrodedianacasa.igualdadebenestar.org\/index.php?rest_route=%2Fwp%2Fv2%2Fcomments&post=4457"}],"version-history":[{"count":1,"href":"https:\/\/ocentrodedianacasa.igualdadebenestar.org\/index.php?rest_route=\/wp\/v2\/posts\/4457\/revisions"}],"predecessor-version":[{"id":4459,"href":"https:\/\/ocentrodedianacasa.igualdadebenestar.org\/index.php?rest_route=\/wp\/v2\/posts\/4457\/revisions\/4459"}],"wp:attachment":[{"href":"https:\/\/ocentrodedianacasa.igualdadebenestar.org\/index.php?rest_route=%2Fwp%2Fv2%2Fmedia&parent=4457"}],"wp:term":[{"taxonomy":"category","embeddable":true,"href":"https:\/\/ocentrodedianacasa.igualdadebenestar.org\/index.php?rest_route=%2Fwp%2Fv2%2Fcategories&post=4457"},{"taxonomy":"post_tag","embeddable":true,"href":"https:\/\/ocentrodedianacasa.igualdadebenestar.org\/index.php?rest_route=%2Fwp%2Fv2%2Ftags&post=4457"}],"curies":[{"name":"wp","href":"https:\/\/api.w.org\/{rel}","templated":true}]}}