{"id":4453,"date":"2023-11-24T07:09:00","date_gmt":"2023-11-24T06:09:00","guid":{"rendered":"https:\/\/ocentrodedianacasa.igualdadebenestar.org\/?p=4453"},"modified":"2024-01-11T13:15:49","modified_gmt":"2024-01-11T12:15:49","slug":"magosto-no-capm-abadin","status":"publish","type":"post","link":"https:\/\/ocentrodedianacasa.igualdadebenestar.org\/?p=4453","title":{"rendered":"Magosto no centro de d\u00eda de Abad\u00edn"},"content":{"rendered":"\n<p>O xoves 9 de novembro adicamos o d\u00eda \u00e1 celebraci\u00f3n do tradicional Magosto.<\/p>\n\n\n\n<p>Durante a ma\u00f1\u00e1 fixemos unha obradoiro de reminiscencias sobre o outuno co obxectivo de promover o patrimonio cultural e tradicional galego e, despois dun b\u00f3 cocido, adicamos a tarde a facer un concurso de xogos populares, con casta\u00f1as, por suposto&#8230; con: \u201cEncesta a casta\u00f1a\u201d, \u201cCarrexa a casta\u00f1a\u201d e \u201cOnde est\u00e1 a casta\u00f1a?\u201d\u2026<\/p>\n\n\n\n<p>Despois de tanto esforzo vespertino decidimos desgustar as nosas t\u00edpicas casta\u00f1as cocidas con chocolate. Que ben sab\u00edan e canto nos prestou comelas!!!<\/p>\n\n\n\n<figure class=\"wp-block-image size-large\"><img loading=\"lazy\" width=\"1024\" height=\"1024\" src=\"https:\/\/ocentrodedianacasa.igualdadebenestar.org\/wp-content\/uploads\/2023\/11\/IMG-20231113-WA0000-1024x1024.jpg\" alt=\"\" class=\"wp-image-4454\" srcset=\"https:\/\/ocentrodedianacasa.igualdadebenestar.org\/wp-content\/uploads\/2023\/11\/IMG-20231113-WA0000-1024x1024.jpg 1024w, https:\/\/ocentrodedianacasa.igualdadebenestar.org\/wp-content\/uploads\/2023\/11\/IMG-20231113-WA0000-300x300.jpg 300w, https:\/\/ocentrodedianacasa.igualdadebenestar.org\/wp-content\/uploads\/2023\/11\/IMG-20231113-WA0000-150x150.jpg 150w, https:\/\/ocentrodedianacasa.igualdadebenestar.org\/wp-content\/uploads\/2023\/11\/IMG-20231113-WA0000-768x768.jpg 768w, https:\/\/ocentrodedianacasa.igualdadebenestar.org\/wp-content\/uploads\/2023\/11\/IMG-20231113-WA0000-1536x1536.jpg 1536w, https:\/\/ocentrodedianacasa.igualdadebenestar.org\/wp-content\/uploads\/2023\/11\/IMG-20231113-WA0000.jpg 1600w\" sizes=\"(max-width: 1024px) 100vw, 1024px\" \/><\/figure>\n ","protected":false},"excerpt":{"rendered":"<p>O xoves 9 de novembro adicamos o d\u00eda \u00e1 celebraci\u00f3n do tradicional Magosto. Durante a ma\u00f1\u00e1 fixemos unha obradoiro de reminiscencias sobre o outuno co obxectivo de promover o patrimonio <a class=\"more-link\" href=\"https:\/\/ocentrodedianacasa.igualdadebenestar.org\/?p=4453\">Continue Reading &rarr;<\/a><\/p>\n","protected":false},"author":5,"featured_media":0,"comment_status":"closed","ping_status":"open","sticky":false,"template":"","format":"standard","meta":[],"categories":[44,66],"tags":[],"post_mailing_queue_ids":[],"_links":{"self":[{"href":"https:\/\/ocentrodedianacasa.igualdadebenestar.org\/index.php?rest_route=\/wp\/v2\/posts\/4453"}],"collection":[{"href":"https:\/\/ocentrodedianacasa.igualdadebenestar.org\/index.php?rest_route=\/wp\/v2\/posts"}],"about":[{"href":"https:\/\/ocentrodedianacasa.igualdadebenestar.org\/index.php?rest_route=\/wp\/v2\/types\/post"}],"author":[{"embeddable":true,"href":"https:\/\/ocentrodedianacasa.igualdadebenestar.org\/index.php?rest_route=\/wp\/v2\/users\/5"}],"replies":[{"embeddable":true,"href":"https:\/\/ocentrodedianacasa.igualdadebenestar.org\/index.php?rest_route=%2Fwp%2Fv2%2Fcomments&post=4453"}],"version-history":[{"count":2,"href":"https:\/\/ocentrodedianacasa.igualdadebenestar.org\/index.php?rest_route=\/wp\/v2\/posts\/4453\/revisions"}],"predecessor-version":[{"id":4527,"href":"https:\/\/ocentrodedianacasa.igualdadebenestar.org\/index.php?rest_route=\/wp\/v2\/posts\/4453\/revisions\/4527"}],"wp:attachment":[{"href":"https:\/\/ocentrodedianacasa.igualdadebenestar.org\/index.php?rest_route=%2Fwp%2Fv2%2Fmedia&parent=4453"}],"wp:term":[{"taxonomy":"category","embeddable":true,"href":"https:\/\/ocentrodedianacasa.igualdadebenestar.org\/index.php?rest_route=%2Fwp%2Fv2%2Fcategories&post=4453"},{"taxonomy":"post_tag","embeddable":true,"href":"https:\/\/ocentrodedianacasa.igualdadebenestar.org\/index.php?rest_route=%2Fwp%2Fv2%2Ftags&post=4453"}],"curies":[{"name":"wp","href":"https:\/\/api.w.org\/{rel}","templated":true}]}}