{"id":4444,"date":"2023-11-30T09:24:00","date_gmt":"2023-11-30T08:24:00","guid":{"rendered":"https:\/\/ocentrodedianacasa.igualdadebenestar.org\/?p=4444"},"modified":"2023-11-06T09:28:49","modified_gmt":"2023-11-06T08:28:49","slug":"samain-nos-centro-de-dia-de-cospeito","status":"publish","type":"post","link":"https:\/\/ocentrodedianacasa.igualdadebenestar.org\/?p=4444","title":{"rendered":"Sama\u00edn no centro de d\u00eda de Cospeito"},"content":{"rendered":"\n<p>No centro de d\u00eda de Cospeito estivemos durante o mes de outubro prepar\u00e1ndonos para festexar o Sama\u00edn por todo o alto. Pasamos o mes creando decoraci\u00f3n para ter as instalaci\u00f3ns do centro engalanadas acorde \u00e1 ocasi\u00f3n: Cabazas, bruxas, ara\u00f1as, pantasmas&#8230; de todo!<\/p>\n\n\n\n<p>Ademais, a finais de mes recibimos a visita do alumnado de 3\u00ba de EP do CPI Virxe do Monte, xunto aos que pasamos unha ma\u00f1\u00e1 moi entretida creando as \u00faltimas decoraci\u00f3ns e mesmo un photocall no que rematamos a xornada sacando fotos para o recordo.<\/p>\n\n\n\n<p>Para rematar, o d\u00eda 30 acheg\u00e1monos ao colexio para ver a exposici\u00f3n de Sama\u00edn que elaborou todo o alumnado coa colaboraci\u00f3n das familias. Na visita que nos fixeron xa nos avisaran de que lles quedara moi ben, pero a pesar de estar previdos lev\u00e1monos unha gran sorpresa! Crearon todos os monstros que vos poidades imaxinar con nada m\u00e1is e nada menos que espigas de millo! Zombies, ara\u00f1as, meigas&#8230; definitivamente son todos uns grandes artistas.<\/p>\n\n\n\n<figure class=\"wp-block-image size-large\"><img loading=\"lazy\" width=\"800\" height=\"800\" src=\"https:\/\/ocentrodedianacasa.igualdadebenestar.org\/wp-content\/uploads\/2023\/11\/Decoracion.png\" alt=\"\" class=\"wp-image-4445\" srcset=\"https:\/\/ocentrodedianacasa.igualdadebenestar.org\/wp-content\/uploads\/2023\/11\/Decoracion.png 800w, https:\/\/ocentrodedianacasa.igualdadebenestar.org\/wp-content\/uploads\/2023\/11\/Decoracion-300x300.png 300w, https:\/\/ocentrodedianacasa.igualdadebenestar.org\/wp-content\/uploads\/2023\/11\/Decoracion-150x150.png 150w, https:\/\/ocentrodedianacasa.igualdadebenestar.org\/wp-content\/uploads\/2023\/11\/Decoracion-768x768.png 768w\" sizes=\"(max-width: 800px) 100vw, 800px\" \/><\/figure>\n ","protected":false},"excerpt":{"rendered":"<p>No centro de d\u00eda de Cospeito estivemos durante o mes de outubro prepar\u00e1ndonos para festexar o Sama\u00edn por todo o alto. Pasamos o mes creando decoraci\u00f3n para ter as instalaci\u00f3ns <a class=\"more-link\" href=\"https:\/\/ocentrodedianacasa.igualdadebenestar.org\/?p=4444\">Continue Reading &rarr;<\/a><\/p>\n","protected":false},"author":3,"featured_media":0,"comment_status":"closed","ping_status":"open","sticky":false,"template":"","format":"standard","meta":[],"categories":[44],"tags":[],"post_mailing_queue_ids":[],"_links":{"self":[{"href":"https:\/\/ocentrodedianacasa.igualdadebenestar.org\/index.php?rest_route=\/wp\/v2\/posts\/4444"}],"collection":[{"href":"https:\/\/ocentrodedianacasa.igualdadebenestar.org\/index.php?rest_route=\/wp\/v2\/posts"}],"about":[{"href":"https:\/\/ocentrodedianacasa.igualdadebenestar.org\/index.php?rest_route=\/wp\/v2\/types\/post"}],"author":[{"embeddable":true,"href":"https:\/\/ocentrodedianacasa.igualdadebenestar.org\/index.php?rest_route=\/wp\/v2\/users\/3"}],"replies":[{"embeddable":true,"href":"https:\/\/ocentrodedianacasa.igualdadebenestar.org\/index.php?rest_route=%2Fwp%2Fv2%2Fcomments&post=4444"}],"version-history":[{"count":2,"href":"https:\/\/ocentrodedianacasa.igualdadebenestar.org\/index.php?rest_route=\/wp\/v2\/posts\/4444\/revisions"}],"predecessor-version":[{"id":4448,"href":"https:\/\/ocentrodedianacasa.igualdadebenestar.org\/index.php?rest_route=\/wp\/v2\/posts\/4444\/revisions\/4448"}],"wp:attachment":[{"href":"https:\/\/ocentrodedianacasa.igualdadebenestar.org\/index.php?rest_route=%2Fwp%2Fv2%2Fmedia&parent=4444"}],"wp:term":[{"taxonomy":"category","embeddable":true,"href":"https:\/\/ocentrodedianacasa.igualdadebenestar.org\/index.php?rest_route=%2Fwp%2Fv2%2Fcategories&post=4444"},{"taxonomy":"post_tag","embeddable":true,"href":"https:\/\/ocentrodedianacasa.igualdadebenestar.org\/index.php?rest_route=%2Fwp%2Fv2%2Ftags&post=4444"}],"curies":[{"name":"wp","href":"https:\/\/api.w.org\/{rel}","templated":true}]}}