{"id":4418,"date":"2023-10-30T10:47:00","date_gmt":"2023-10-30T09:47:00","guid":{"rendered":"https:\/\/ocentrodedianacasa.igualdadebenestar.org\/?p=4418"},"modified":"2023-10-30T10:56:48","modified_gmt":"2023-10-30T09:56:48","slug":"petisqueo-no-centro-de-dia-de-cospeito","status":"publish","type":"post","link":"https:\/\/ocentrodedianacasa.igualdadebenestar.org\/?p=4418","title":{"rendered":"Petisqueo no centro de d\u00eda de Cospeito"},"content":{"rendered":"\n<h2>Petisqueo no centro de d\u00eda de Cospeito<\/h2>\n\n\n\n<p>Este mes de outubro tivemos en Cospeito un foodtruck da campa\u00f1a \u201cGalicia sabe amar\u201d da Xunta de Galicia, polo que decidimos aproveitar e achegarnos a degustar as receitas que elaboraron. Puidemos probar petiscos de humus de fabas de Lourenz\u00e1 e mexill\u00f3n \u00e1 carbonara, croquetas de chopo e ventrecha de bonito sobre pan de gamba. Estaba todo riqu\u00edsimo! Quedamos encantados, definitivamente \u00e9 unha iniciativa moi interesante que achega a todos novos sabores.<\/p>\n\n\n\n<p><\/p>\n\n\n\n<div class=\"wp-block-group\"><div class=\"wp-block-group__inner-container\">\n<div class=\"wp-block-group\"><div class=\"wp-block-group__inner-container\">\n<figure class=\"wp-block-gallery columns-3 is-cropped\"><ul class=\"blocks-gallery-grid\"><li class=\"blocks-gallery-item\"><figure><img loading=\"lazy\" width=\"1024\" height=\"768\" src=\"https:\/\/ocentrodedianacasa.igualdadebenestar.org\/wp-content\/uploads\/2023\/10\/WhatsApp-Image-2023-10-18-at-12.40.24-1-1024x768.jpeg\" alt=\"\" data-id=\"4421\" data-full-url=\"https:\/\/ocentrodedianacasa.igualdadebenestar.org\/wp-content\/uploads\/2023\/10\/WhatsApp-Image-2023-10-18-at-12.40.24-1.jpeg\" data-link=\"https:\/\/ocentrodedianacasa.igualdadebenestar.org\/?attachment_id=4421\" class=\"wp-image-4421\" srcset=\"https:\/\/ocentrodedianacasa.igualdadebenestar.org\/wp-content\/uploads\/2023\/10\/WhatsApp-Image-2023-10-18-at-12.40.24-1-1024x768.jpeg 1024w, https:\/\/ocentrodedianacasa.igualdadebenestar.org\/wp-content\/uploads\/2023\/10\/WhatsApp-Image-2023-10-18-at-12.40.24-1-300x225.jpeg 300w, https:\/\/ocentrodedianacasa.igualdadebenestar.org\/wp-content\/uploads\/2023\/10\/WhatsApp-Image-2023-10-18-at-12.40.24-1-768x576.jpeg 768w, https:\/\/ocentrodedianacasa.igualdadebenestar.org\/wp-content\/uploads\/2023\/10\/WhatsApp-Image-2023-10-18-at-12.40.24-1-1536x1152.jpeg 1536w, https:\/\/ocentrodedianacasa.igualdadebenestar.org\/wp-content\/uploads\/2023\/10\/WhatsApp-Image-2023-10-18-at-12.40.24-1.jpeg 2000w\" sizes=\"(max-width: 1024px) 100vw, 1024px\" \/><\/figure><\/li><li class=\"blocks-gallery-item\"><figure><img loading=\"lazy\" width=\"1024\" height=\"768\" src=\"https:\/\/ocentrodedianacasa.igualdadebenestar.org\/wp-content\/uploads\/2023\/10\/WhatsApp-Image-2023-10-18-at-12.40.23-1024x768.jpeg\" alt=\"\" data-id=\"4419\" data-full-url=\"https:\/\/ocentrodedianacasa.igualdadebenestar.org\/wp-content\/uploads\/2023\/10\/WhatsApp-Image-2023-10-18-at-12.40.23.jpeg\" data-link=\"https:\/\/ocentrodedianacasa.igualdadebenestar.org\/?attachment_id=4419\" class=\"wp-image-4419\" srcset=\"https:\/\/ocentrodedianacasa.igualdadebenestar.org\/wp-content\/uploads\/2023\/10\/WhatsApp-Image-2023-10-18-at-12.40.23-1024x768.jpeg 1024w, https:\/\/ocentrodedianacasa.igualdadebenestar.org\/wp-content\/uploads\/2023\/10\/WhatsApp-Image-2023-10-18-at-12.40.23-300x225.jpeg 300w, https:\/\/ocentrodedianacasa.igualdadebenestar.org\/wp-content\/uploads\/2023\/10\/WhatsApp-Image-2023-10-18-at-12.40.23-768x576.jpeg 768w, https:\/\/ocentrodedianacasa.igualdadebenestar.org\/wp-content\/uploads\/2023\/10\/WhatsApp-Image-2023-10-18-at-12.40.23-1536x1152.jpeg 1536w, https:\/\/ocentrodedianacasa.igualdadebenestar.org\/wp-content\/uploads\/2023\/10\/WhatsApp-Image-2023-10-18-at-12.40.23.jpeg 2000w\" sizes=\"(max-width: 1024px) 100vw, 1024px\" \/><\/figure><\/li><li class=\"blocks-gallery-item\"><figure><img loading=\"lazy\" width=\"1024\" height=\"768\" src=\"https:\/\/ocentrodedianacasa.igualdadebenestar.org\/wp-content\/uploads\/2023\/10\/WhatsApp-Image-2023-10-18-at-12.40.24-3-1024x768.jpeg\" alt=\"\" data-id=\"4420\" data-full-url=\"https:\/\/ocentrodedianacasa.igualdadebenestar.org\/wp-content\/uploads\/2023\/10\/WhatsApp-Image-2023-10-18-at-12.40.24-3.jpeg\" data-link=\"https:\/\/ocentrodedianacasa.igualdadebenestar.org\/?attachment_id=4420\" class=\"wp-image-4420\" srcset=\"https:\/\/ocentrodedianacasa.igualdadebenestar.org\/wp-content\/uploads\/2023\/10\/WhatsApp-Image-2023-10-18-at-12.40.24-3-1024x768.jpeg 1024w, https:\/\/ocentrodedianacasa.igualdadebenestar.org\/wp-content\/uploads\/2023\/10\/WhatsApp-Image-2023-10-18-at-12.40.24-3-300x225.jpeg 300w, https:\/\/ocentrodedianacasa.igualdadebenestar.org\/wp-content\/uploads\/2023\/10\/WhatsApp-Image-2023-10-18-at-12.40.24-3-768x576.jpeg 768w, https:\/\/ocentrodedianacasa.igualdadebenestar.org\/wp-content\/uploads\/2023\/10\/WhatsApp-Image-2023-10-18-at-12.40.24-3-1536x1152.jpeg 1536w, https:\/\/ocentrodedianacasa.igualdadebenestar.org\/wp-content\/uploads\/2023\/10\/WhatsApp-Image-2023-10-18-at-12.40.24-3.jpeg 2000w\" sizes=\"(max-width: 1024px) 100vw, 1024px\" \/><\/figure><\/li><\/ul><\/figure>\n<\/div><\/div>\n<\/div><\/div>\n ","protected":false},"excerpt":{"rendered":"<p>Petisqueo no centro de d\u00eda de Cospeito Este mes de outubro tivemos en Cospeito un foodtruck da campa\u00f1a \u201cGalicia sabe amar\u201d da Xunta de Galicia, polo que decidimos aproveitar e <a class=\"more-link\" href=\"https:\/\/ocentrodedianacasa.igualdadebenestar.org\/?p=4418\">Continue Reading &rarr;<\/a><\/p>\n","protected":false},"author":3,"featured_media":0,"comment_status":"closed","ping_status":"open","sticky":false,"template":"","format":"aside","meta":[],"categories":[22],"tags":[],"post_mailing_queue_ids":[],"_links":{"self":[{"href":"https:\/\/ocentrodedianacasa.igualdadebenestar.org\/index.php?rest_route=\/wp\/v2\/posts\/4418"}],"collection":[{"href":"https:\/\/ocentrodedianacasa.igualdadebenestar.org\/index.php?rest_route=\/wp\/v2\/posts"}],"about":[{"href":"https:\/\/ocentrodedianacasa.igualdadebenestar.org\/index.php?rest_route=\/wp\/v2\/types\/post"}],"author":[{"embeddable":true,"href":"https:\/\/ocentrodedianacasa.igualdadebenestar.org\/index.php?rest_route=\/wp\/v2\/users\/3"}],"replies":[{"embeddable":true,"href":"https:\/\/ocentrodedianacasa.igualdadebenestar.org\/index.php?rest_route=%2Fwp%2Fv2%2Fcomments&post=4418"}],"version-history":[{"count":2,"href":"https:\/\/ocentrodedianacasa.igualdadebenestar.org\/index.php?rest_route=\/wp\/v2\/posts\/4418\/revisions"}],"predecessor-version":[{"id":4428,"href":"https:\/\/ocentrodedianacasa.igualdadebenestar.org\/index.php?rest_route=\/wp\/v2\/posts\/4418\/revisions\/4428"}],"wp:attachment":[{"href":"https:\/\/ocentrodedianacasa.igualdadebenestar.org\/index.php?rest_route=%2Fwp%2Fv2%2Fmedia&parent=4418"}],"wp:term":[{"taxonomy":"category","embeddable":true,"href":"https:\/\/ocentrodedianacasa.igualdadebenestar.org\/index.php?rest_route=%2Fwp%2Fv2%2Fcategories&post=4418"},{"taxonomy":"post_tag","embeddable":true,"href":"https:\/\/ocentrodedianacasa.igualdadebenestar.org\/index.php?rest_route=%2Fwp%2Fv2%2Ftags&post=4418"}],"curies":[{"name":"wp","href":"https:\/\/api.w.org\/{rel}","templated":true}]}}