{"id":4415,"date":"2023-10-30T10:25:00","date_gmt":"2023-10-30T09:25:00","guid":{"rendered":"https:\/\/ocentrodedianacasa.igualdadebenestar.org\/?p=4415"},"modified":"2023-10-30T10:58:24","modified_gmt":"2023-10-30T09:58:24","slug":"visita-a-casa-do-mel-dende-o-centro-de-dia-de-ferrol-caranza","status":"publish","type":"post","link":"https:\/\/ocentrodedianacasa.igualdadebenestar.org\/?p=4415","title":{"rendered":"Visita a Casa do Mel dende o centro de d\u00eda de Ferrol Caranza"},"content":{"rendered":"\n<h2>Visita a Casa do Mel dende o centro de d\u00eda de Ferrol Caranza<\/h2>\n\n\n\n<p><strong>O 16 de outubro de 2023, once persoas usuarias do centro de d\u00eda de Ferrol-Caranza participaron nunha sa\u00edda a \u201d Casa do mel\u201d de Goente, onde Manuel, integrante da asociaci\u00f3n, deu unha breve explicaci\u00f3n sobre a elaboraci\u00f3n do mel, contou moitas curiosidades sobre as abellas e a apicultora. Tam\u00e9n se realizou un obradoiro de cera; no que se elaborou e decorou unha vela feita con cera de abella e por \u00faltimo unha degustaci\u00f3n de diferentes tipos de mel. Unha xornada moi entretida e divertida<\/strong><\/p>\n\n\n\n<figure class=\"wp-block-image size-large\"><img loading=\"lazy\" width=\"800\" height=\"602\" src=\"https:\/\/ocentrodedianacasa.igualdadebenestar.org\/wp-content\/uploads\/2023\/10\/casa_do_mel_3.jpg\" alt=\"\" class=\"wp-image-4416\" srcset=\"https:\/\/ocentrodedianacasa.igualdadebenestar.org\/wp-content\/uploads\/2023\/10\/casa_do_mel_3.jpg 800w, https:\/\/ocentrodedianacasa.igualdadebenestar.org\/wp-content\/uploads\/2023\/10\/casa_do_mel_3-300x226.jpg 300w, https:\/\/ocentrodedianacasa.igualdadebenestar.org\/wp-content\/uploads\/2023\/10\/casa_do_mel_3-768x578.jpg 768w\" sizes=\"(max-width: 800px) 100vw, 800px\" \/><\/figure>\n ","protected":false},"excerpt":{"rendered":"<p>Visita a Casa do Mel dende o centro de d\u00eda de Ferrol Caranza O 16 de outubro de 2023, once persoas usuarias do centro de d\u00eda de Ferrol-Caranza participaron nunha <a class=\"more-link\" href=\"https:\/\/ocentrodedianacasa.igualdadebenestar.org\/?p=4415\">Continue Reading &rarr;<\/a><\/p>\n","protected":false},"author":3,"featured_media":0,"comment_status":"closed","ping_status":"open","sticky":false,"template":"","format":"aside","meta":[],"categories":[22],"tags":[],"post_mailing_queue_ids":[],"_links":{"self":[{"href":"https:\/\/ocentrodedianacasa.igualdadebenestar.org\/index.php?rest_route=\/wp\/v2\/posts\/4415"}],"collection":[{"href":"https:\/\/ocentrodedianacasa.igualdadebenestar.org\/index.php?rest_route=\/wp\/v2\/posts"}],"about":[{"href":"https:\/\/ocentrodedianacasa.igualdadebenestar.org\/index.php?rest_route=\/wp\/v2\/types\/post"}],"author":[{"embeddable":true,"href":"https:\/\/ocentrodedianacasa.igualdadebenestar.org\/index.php?rest_route=\/wp\/v2\/users\/3"}],"replies":[{"embeddable":true,"href":"https:\/\/ocentrodedianacasa.igualdadebenestar.org\/index.php?rest_route=%2Fwp%2Fv2%2Fcomments&post=4415"}],"version-history":[{"count":2,"href":"https:\/\/ocentrodedianacasa.igualdadebenestar.org\/index.php?rest_route=\/wp\/v2\/posts\/4415\/revisions"}],"predecessor-version":[{"id":4429,"href":"https:\/\/ocentrodedianacasa.igualdadebenestar.org\/index.php?rest_route=\/wp\/v2\/posts\/4415\/revisions\/4429"}],"wp:attachment":[{"href":"https:\/\/ocentrodedianacasa.igualdadebenestar.org\/index.php?rest_route=%2Fwp%2Fv2%2Fmedia&parent=4415"}],"wp:term":[{"taxonomy":"category","embeddable":true,"href":"https:\/\/ocentrodedianacasa.igualdadebenestar.org\/index.php?rest_route=%2Fwp%2Fv2%2Fcategories&post=4415"},{"taxonomy":"post_tag","embeddable":true,"href":"https:\/\/ocentrodedianacasa.igualdadebenestar.org\/index.php?rest_route=%2Fwp%2Fv2%2Ftags&post=4415"}],"curies":[{"name":"wp","href":"https:\/\/api.w.org\/{rel}","templated":true}]}}