{"id":4406,"date":"2023-10-20T13:06:46","date_gmt":"2023-10-20T11:06:46","guid":{"rendered":"https:\/\/ocentrodedianacasa.igualdadebenestar.org\/?p=4406"},"modified":"2023-10-20T13:06:47","modified_gmt":"2023-10-20T11:06:47","slug":"saida-ao-porto-de-mugardos","status":"publish","type":"post","link":"https:\/\/ocentrodedianacasa.igualdadebenestar.org\/?p=4406","title":{"rendered":"Sa\u00edda ao porto de Mugardos"},"content":{"rendered":"\n<p><strong>O 29 de agosto de 2023, cinco persoas usuarias do centro de d\u00eda de Ferrol-Caranza, acompa\u00f1adas de d\u00faas traballadoras participaron na sa\u00edda ao porto de Mugardos.<\/strong><\/p>\n\n\n\n<p><strong>A actividade tivo unha duraci\u00f3n de d\u00faas horas, \u00e1s 11:30 horas dende o centro de d\u00eda un autob\u00fas levou aos participantes ata o porto de Mugardos para dar un paseo polo porto para despois recuperar folgos e tomar un pequeno piscolabis.<\/strong><\/p>\n\n\n\n<p><strong>As sa\u00eddas sociocomunitarias, buscan promover unha vida activa nas persoas usuarias, as\u00ed como a s\u00faa mobilidade e integraci\u00f3n na sociedade. Este \u00e9 un aspecto integral e esencial nas persoas, sexa cal sexa a s\u00faa idade, pero ademais, cobra maior importancia cando as persoas sofren de problemas de mobilidade ou outros, que fan que no seu d\u00eda a d\u00eda se vexan reducidos as sa\u00eddas pola Comarca. Polo que dende o centro de d\u00eda de Ferrol- Caranza queremos axudar a que as persoas usuarias contin\u00faen desfrutando do exterior, variando as s\u00faas rutinas coti\u00e1s.<\/strong><\/p>\n\n\n\n<figure class=\"wp-block-image size-large\"><img loading=\"lazy\" width=\"1024\" height=\"447\" src=\"https:\/\/ocentrodedianacasa.igualdadebenestar.org\/wp-content\/uploads\/2023\/10\/Saida_Mugardos_1-1024x447.jpg\" alt=\"\" class=\"wp-image-4407\" srcset=\"https:\/\/ocentrodedianacasa.igualdadebenestar.org\/wp-content\/uploads\/2023\/10\/Saida_Mugardos_1-1024x447.jpg 1024w, https:\/\/ocentrodedianacasa.igualdadebenestar.org\/wp-content\/uploads\/2023\/10\/Saida_Mugardos_1-300x131.jpg 300w, https:\/\/ocentrodedianacasa.igualdadebenestar.org\/wp-content\/uploads\/2023\/10\/Saida_Mugardos_1-768x335.jpg 768w, https:\/\/ocentrodedianacasa.igualdadebenestar.org\/wp-content\/uploads\/2023\/10\/Saida_Mugardos_1-1536x670.jpg 1536w, https:\/\/ocentrodedianacasa.igualdadebenestar.org\/wp-content\/uploads\/2023\/10\/Saida_Mugardos_1-2048x893.jpg 2048w\" sizes=\"(max-width: 1024px) 100vw, 1024px\" \/><\/figure>\n\n\n\n<figure class=\"wp-block-image size-large\"><img loading=\"lazy\" width=\"1024\" height=\"447\" src=\"https:\/\/ocentrodedianacasa.igualdadebenestar.org\/wp-content\/uploads\/2023\/10\/Saida_Mugardos_2-1024x447.jpg\" alt=\"\" class=\"wp-image-4408\" srcset=\"https:\/\/ocentrodedianacasa.igualdadebenestar.org\/wp-content\/uploads\/2023\/10\/Saida_Mugardos_2-1024x447.jpg 1024w, https:\/\/ocentrodedianacasa.igualdadebenestar.org\/wp-content\/uploads\/2023\/10\/Saida_Mugardos_2-300x131.jpg 300w, https:\/\/ocentrodedianacasa.igualdadebenestar.org\/wp-content\/uploads\/2023\/10\/Saida_Mugardos_2-768x335.jpg 768w, https:\/\/ocentrodedianacasa.igualdadebenestar.org\/wp-content\/uploads\/2023\/10\/Saida_Mugardos_2-1536x670.jpg 1536w, https:\/\/ocentrodedianacasa.igualdadebenestar.org\/wp-content\/uploads\/2023\/10\/Saida_Mugardos_2-2048x893.jpg 2048w\" sizes=\"(max-width: 1024px) 100vw, 1024px\" \/><\/figure>\n\n\n\n<figure class=\"wp-block-image size-large is-resized\"><img loading=\"lazy\" src=\"https:\/\/ocentrodedianacasa.igualdadebenestar.org\/wp-content\/uploads\/2023\/10\/Saida_Mugardos_3-447x1024.jpg\" alt=\"\" class=\"wp-image-4409\" width=\"235\" height=\"538\" srcset=\"https:\/\/ocentrodedianacasa.igualdadebenestar.org\/wp-content\/uploads\/2023\/10\/Saida_Mugardos_3-447x1024.jpg 447w, https:\/\/ocentrodedianacasa.igualdadebenestar.org\/wp-content\/uploads\/2023\/10\/Saida_Mugardos_3-131x300.jpg 131w, https:\/\/ocentrodedianacasa.igualdadebenestar.org\/wp-content\/uploads\/2023\/10\/Saida_Mugardos_3-768x1760.jpg 768w, https:\/\/ocentrodedianacasa.igualdadebenestar.org\/wp-content\/uploads\/2023\/10\/Saida_Mugardos_3-670x1536.jpg 670w, https:\/\/ocentrodedianacasa.igualdadebenestar.org\/wp-content\/uploads\/2023\/10\/Saida_Mugardos_3-893x2048.jpg 893w, https:\/\/ocentrodedianacasa.igualdadebenestar.org\/wp-content\/uploads\/2023\/10\/Saida_Mugardos_3-scaled.jpg 1117w\" sizes=\"(max-width: 235px) 100vw, 235px\" \/><\/figure>\n\n\n\n<p><\/p>\n ","protected":false},"excerpt":{"rendered":"<p>O 29 de agosto de 2023, cinco persoas usuarias do centro de d\u00eda de Ferrol-Caranza, acompa\u00f1adas de d\u00faas traballadoras participaron na sa\u00edda ao porto de Mugardos. A actividade tivo unha <a class=\"more-link\" href=\"https:\/\/ocentrodedianacasa.igualdadebenestar.org\/?p=4406\">Continue Reading &rarr;<\/a><\/p>\n","protected":false},"author":5,"featured_media":0,"comment_status":"closed","ping_status":"open","sticky":false,"template":"","format":"standard","meta":[],"categories":[66],"tags":[],"post_mailing_queue_ids":[],"_links":{"self":[{"href":"https:\/\/ocentrodedianacasa.igualdadebenestar.org\/index.php?rest_route=\/wp\/v2\/posts\/4406"}],"collection":[{"href":"https:\/\/ocentrodedianacasa.igualdadebenestar.org\/index.php?rest_route=\/wp\/v2\/posts"}],"about":[{"href":"https:\/\/ocentrodedianacasa.igualdadebenestar.org\/index.php?rest_route=\/wp\/v2\/types\/post"}],"author":[{"embeddable":true,"href":"https:\/\/ocentrodedianacasa.igualdadebenestar.org\/index.php?rest_route=\/wp\/v2\/users\/5"}],"replies":[{"embeddable":true,"href":"https:\/\/ocentrodedianacasa.igualdadebenestar.org\/index.php?rest_route=%2Fwp%2Fv2%2Fcomments&post=4406"}],"version-history":[{"count":2,"href":"https:\/\/ocentrodedianacasa.igualdadebenestar.org\/index.php?rest_route=\/wp\/v2\/posts\/4406\/revisions"}],"predecessor-version":[{"id":4411,"href":"https:\/\/ocentrodedianacasa.igualdadebenestar.org\/index.php?rest_route=\/wp\/v2\/posts\/4406\/revisions\/4411"}],"wp:attachment":[{"href":"https:\/\/ocentrodedianacasa.igualdadebenestar.org\/index.php?rest_route=%2Fwp%2Fv2%2Fmedia&parent=4406"}],"wp:term":[{"taxonomy":"category","embeddable":true,"href":"https:\/\/ocentrodedianacasa.igualdadebenestar.org\/index.php?rest_route=%2Fwp%2Fv2%2Fcategories&post=4406"},{"taxonomy":"post_tag","embeddable":true,"href":"https:\/\/ocentrodedianacasa.igualdadebenestar.org\/index.php?rest_route=%2Fwp%2Fv2%2Ftags&post=4406"}],"curies":[{"name":"wp","href":"https:\/\/api.w.org\/{rel}","templated":true}]}}