{"id":4402,"date":"2023-10-20T12:37:12","date_gmt":"2023-10-20T10:37:12","guid":{"rendered":"https:\/\/ocentrodedianacasa.igualdadebenestar.org\/?p=4402"},"modified":"2023-10-20T12:37:13","modified_gmt":"2023-10-20T10:37:13","slug":"andaina-polo-camino-de-santiago","status":"publish","type":"post","link":"https:\/\/ocentrodedianacasa.igualdadebenestar.org\/?p=4402","title":{"rendered":"Andaina polo cami\u00f1o de Santiago"},"content":{"rendered":"\n<p>O pasado 20 de Setembro o Concello de Abad\u00edn organizou a primeira andaina do Cami\u00f1o de Santiago que part\u00eda desde a Igrexa de San Cosme de Galgao ata a praza de Gont\u00e1n, cun traxecto de 5 km de extensi\u00f3n. Como 5 km fac\u00edasenos moito, decidimos partir desde a fonte dos Titos en Quende e andivemos un traxecto dun kil\u00f3metro e medio.<\/p>\n\n\n\n<p>Foi unha experiencia moi agradable xa que compartimos o cami\u00f1o con outros peregrinos e puidemos disfrutar da maravillosa paisaxe.<\/p>\n\n\n\n<p>Ao finalizar a andaina, o concello agasallaou aos participantes cun diploma conmemorativo e un suculento aperitivo.<\/p>\n\n\n\n<p>Agardamos poder repetir a experiencia o pr\u00f3ximo ano.<\/p>\n\n\n\n<figure class=\"wp-block-image size-large\"><img loading=\"lazy\" width=\"1024\" height=\"576\" src=\"https:\/\/ocentrodedianacasa.igualdadebenestar.org\/wp-content\/uploads\/2023\/10\/IMG-20230920-WA0009-1024x576.jpg\" alt=\"\" class=\"wp-image-4403\" srcset=\"https:\/\/ocentrodedianacasa.igualdadebenestar.org\/wp-content\/uploads\/2023\/10\/IMG-20230920-WA0009-1024x576.jpg 1024w, https:\/\/ocentrodedianacasa.igualdadebenestar.org\/wp-content\/uploads\/2023\/10\/IMG-20230920-WA0009-300x169.jpg 300w, https:\/\/ocentrodedianacasa.igualdadebenestar.org\/wp-content\/uploads\/2023\/10\/IMG-20230920-WA0009-768x432.jpg 768w, https:\/\/ocentrodedianacasa.igualdadebenestar.org\/wp-content\/uploads\/2023\/10\/IMG-20230920-WA0009-1536x864.jpg 1536w, https:\/\/ocentrodedianacasa.igualdadebenestar.org\/wp-content\/uploads\/2023\/10\/IMG-20230920-WA0009.jpg 2000w\" sizes=\"(max-width: 1024px) 100vw, 1024px\" \/><\/figure>\n ","protected":false},"excerpt":{"rendered":"<p>O pasado 20 de Setembro o Concello de Abad\u00edn organizou a primeira andaina do Cami\u00f1o de Santiago que part\u00eda desde a Igrexa de San Cosme de Galgao ata a praza <a class=\"more-link\" href=\"https:\/\/ocentrodedianacasa.igualdadebenestar.org\/?p=4402\">Continue Reading &rarr;<\/a><\/p>\n","protected":false},"author":5,"featured_media":0,"comment_status":"closed","ping_status":"open","sticky":false,"template":"","format":"standard","meta":[],"categories":[23,135,66],"tags":[],"post_mailing_queue_ids":[],"_links":{"self":[{"href":"https:\/\/ocentrodedianacasa.igualdadebenestar.org\/index.php?rest_route=\/wp\/v2\/posts\/4402"}],"collection":[{"href":"https:\/\/ocentrodedianacasa.igualdadebenestar.org\/index.php?rest_route=\/wp\/v2\/posts"}],"about":[{"href":"https:\/\/ocentrodedianacasa.igualdadebenestar.org\/index.php?rest_route=\/wp\/v2\/types\/post"}],"author":[{"embeddable":true,"href":"https:\/\/ocentrodedianacasa.igualdadebenestar.org\/index.php?rest_route=\/wp\/v2\/users\/5"}],"replies":[{"embeddable":true,"href":"https:\/\/ocentrodedianacasa.igualdadebenestar.org\/index.php?rest_route=%2Fwp%2Fv2%2Fcomments&post=4402"}],"version-history":[{"count":2,"href":"https:\/\/ocentrodedianacasa.igualdadebenestar.org\/index.php?rest_route=\/wp\/v2\/posts\/4402\/revisions"}],"predecessor-version":[{"id":4405,"href":"https:\/\/ocentrodedianacasa.igualdadebenestar.org\/index.php?rest_route=\/wp\/v2\/posts\/4402\/revisions\/4405"}],"wp:attachment":[{"href":"https:\/\/ocentrodedianacasa.igualdadebenestar.org\/index.php?rest_route=%2Fwp%2Fv2%2Fmedia&parent=4402"}],"wp:term":[{"taxonomy":"category","embeddable":true,"href":"https:\/\/ocentrodedianacasa.igualdadebenestar.org\/index.php?rest_route=%2Fwp%2Fv2%2Fcategories&post=4402"},{"taxonomy":"post_tag","embeddable":true,"href":"https:\/\/ocentrodedianacasa.igualdadebenestar.org\/index.php?rest_route=%2Fwp%2Fv2%2Ftags&post=4402"}],"curies":[{"name":"wp","href":"https:\/\/api.w.org\/{rel}","templated":true}]}}