{"id":4398,"date":"2023-10-20T12:32:22","date_gmt":"2023-10-20T10:32:22","guid":{"rendered":"https:\/\/ocentrodedianacasa.igualdadebenestar.org\/?p=4398"},"modified":"2023-10-20T12:32:23","modified_gmt":"2023-10-20T10:32:23","slug":"obradoiro-de-cocina-polo-dia-internacional-do-chocolate","status":"publish","type":"post","link":"https:\/\/ocentrodedianacasa.igualdadebenestar.org\/?p=4398","title":{"rendered":"Obradoiro de coci\u00f1a polo d\u00eda internacional do chocolate"},"content":{"rendered":"\n<p>O pasado 13 de setembro festexouse o d\u00eda internacional do chocolate, e como no centro de d\u00eda de Cospeito  g\u00fastannos moito os doces, decidimos realizar un taller de coci\u00f1a para conmemorar unha data tan importante.<\/p>\n\n\n\n<p>Posto que somos moitas persoas, realizamos dous talleres, un o 15 de setembro e outro o 19. Cada grupo preparou, coa axuda do persoal, uns brownies de chocolate que quedaron bo\u00edsimos!<\/p>\n\n\n\n<p>Desfrutamos moito desta actividade, tanto durante a elaboraci\u00f3n do doce como, sobre todo, com\u00e9ndoo! Foi unha merenda riqu\u00edsima, que ademais sab\u00eda moito mellor ao ser algo que preparamos coas nosas propias mans.<\/p>\n\n\n\n<figure class=\"wp-block-image size-large is-resized\"><img loading=\"lazy\" src=\"https:\/\/ocentrodedianacasa.igualdadebenestar.org\/wp-content\/uploads\/2023\/10\/1.png\" alt=\"\" class=\"wp-image-4399\" width=\"431\" height=\"431\" srcset=\"https:\/\/ocentrodedianacasa.igualdadebenestar.org\/wp-content\/uploads\/2023\/10\/1.png 800w, https:\/\/ocentrodedianacasa.igualdadebenestar.org\/wp-content\/uploads\/2023\/10\/1-300x300.png 300w, https:\/\/ocentrodedianacasa.igualdadebenestar.org\/wp-content\/uploads\/2023\/10\/1-150x150.png 150w, https:\/\/ocentrodedianacasa.igualdadebenestar.org\/wp-content\/uploads\/2023\/10\/1-768x768.png 768w\" sizes=\"(max-width: 431px) 100vw, 431px\" \/><\/figure>\n\n\n\n<figure class=\"wp-block-image size-large is-resized\"><img loading=\"lazy\" src=\"https:\/\/ocentrodedianacasa.igualdadebenestar.org\/wp-content\/uploads\/2023\/10\/2.png\" alt=\"\" class=\"wp-image-4400\" width=\"456\" height=\"456\" srcset=\"https:\/\/ocentrodedianacasa.igualdadebenestar.org\/wp-content\/uploads\/2023\/10\/2.png 800w, https:\/\/ocentrodedianacasa.igualdadebenestar.org\/wp-content\/uploads\/2023\/10\/2-300x300.png 300w, https:\/\/ocentrodedianacasa.igualdadebenestar.org\/wp-content\/uploads\/2023\/10\/2-150x150.png 150w, https:\/\/ocentrodedianacasa.igualdadebenestar.org\/wp-content\/uploads\/2023\/10\/2-768x768.png 768w\" sizes=\"(max-width: 456px) 100vw, 456px\" \/><\/figure>\n ","protected":false},"excerpt":{"rendered":"<p>O pasado 13 de setembro festexouse o d\u00eda internacional do chocolate, e como no centro de d\u00eda de Cospeito g\u00fastannos moito os doces, decidimos realizar un taller de coci\u00f1a para <a class=\"more-link\" href=\"https:\/\/ocentrodedianacasa.igualdadebenestar.org\/?p=4398\">Continue Reading &rarr;<\/a><\/p>\n","protected":false},"author":5,"featured_media":0,"comment_status":"closed","ping_status":"open","sticky":false,"template":"","format":"standard","meta":[],"categories":[20,66],"tags":[],"post_mailing_queue_ids":[],"_links":{"self":[{"href":"https:\/\/ocentrodedianacasa.igualdadebenestar.org\/index.php?rest_route=\/wp\/v2\/posts\/4398"}],"collection":[{"href":"https:\/\/ocentrodedianacasa.igualdadebenestar.org\/index.php?rest_route=\/wp\/v2\/posts"}],"about":[{"href":"https:\/\/ocentrodedianacasa.igualdadebenestar.org\/index.php?rest_route=\/wp\/v2\/types\/post"}],"author":[{"embeddable":true,"href":"https:\/\/ocentrodedianacasa.igualdadebenestar.org\/index.php?rest_route=\/wp\/v2\/users\/5"}],"replies":[{"embeddable":true,"href":"https:\/\/ocentrodedianacasa.igualdadebenestar.org\/index.php?rest_route=%2Fwp%2Fv2%2Fcomments&post=4398"}],"version-history":[{"count":1,"href":"https:\/\/ocentrodedianacasa.igualdadebenestar.org\/index.php?rest_route=\/wp\/v2\/posts\/4398\/revisions"}],"predecessor-version":[{"id":4401,"href":"https:\/\/ocentrodedianacasa.igualdadebenestar.org\/index.php?rest_route=\/wp\/v2\/posts\/4398\/revisions\/4401"}],"wp:attachment":[{"href":"https:\/\/ocentrodedianacasa.igualdadebenestar.org\/index.php?rest_route=%2Fwp%2Fv2%2Fmedia&parent=4398"}],"wp:term":[{"taxonomy":"category","embeddable":true,"href":"https:\/\/ocentrodedianacasa.igualdadebenestar.org\/index.php?rest_route=%2Fwp%2Fv2%2Fcategories&post=4398"},{"taxonomy":"post_tag","embeddable":true,"href":"https:\/\/ocentrodedianacasa.igualdadebenestar.org\/index.php?rest_route=%2Fwp%2Fv2%2Ftags&post=4398"}],"curies":[{"name":"wp","href":"https:\/\/api.w.org\/{rel}","templated":true}]}}