{"id":4389,"date":"2023-10-20T12:27:43","date_gmt":"2023-10-20T10:27:43","guid":{"rendered":"https:\/\/ocentrodedianacasa.igualdadebenestar.org\/?p=4389"},"modified":"2023-10-20T12:27:44","modified_gmt":"2023-10-20T10:27:44","slug":"as-persoas-usuarias-do-centro-de-cospeito-van-de-excursion-a-cidade-de-lugo","status":"publish","type":"post","link":"https:\/\/ocentrodedianacasa.igualdadebenestar.org\/?p=4389","title":{"rendered":"As persoas usuarias do centro de Cospeito van de excursi\u00f3n \u00e1 cidade de Lugo"},"content":{"rendered":"\n<p>O pasado 18 de setembro, as persoas usuarias do centro de d\u00eda de Cospeito realizamos unha sa\u00edda a Lugo. Nesta excursi\u00f3n visitamos a catedral de Lugo, na cal desfrutamos dunha visita guiada na que nos explicaron as partes da catedral, os nomes de todas as imaxes e figuras e resolveron todas as d\u00fabidas que nos xurdiron. Mesmo puidemos acudir \u00e1 misa e comulgar!<\/p>\n\n\n\n<p>Seguidamente, fomos ver o Vello C\u00e1rcere, no cal nos atopamos moi sorprendidos coas instalaci\u00f3ns. Ademais de ser un edificio magn\u00edfico, d\u00e9ronnos moitas explicaci\u00f3ns sobre os presos que al\u00ed houbo (mesmo hai unha estancia cos nomes de todas as persoas que estiveron al\u00ed presas), cal era a s\u00faa procedencia&#8230; ata representaci\u00f3ns con manequ\u00edns de como era a vida no c\u00e1rcere. Quedamos realmente encantados!<\/p>\n\n\n\n<p>Para rematar, fomos ao CC. As Termas, onde nos habilitaron unha estancia para comer e, unha vez rematamos, demos un paseo polas instalaci\u00f3ns e mesmo nos animamos a facer algunha compra.<\/p>\n\n\n\n<p>Foi un d\u00eda moi completo, e estamos desexando repetir!<\/p>\n\n\n\n<div class=\"wp-block-image\"><figure class=\"alignleft size-large is-resized\"><img loading=\"lazy\" src=\"https:\/\/ocentrodedianacasa.igualdadebenestar.org\/wp-content\/uploads\/2023\/10\/WhatsApp-Image-2023-09-18-at-21.35.58-1-768x1024.jpeg\" alt=\"\" class=\"wp-image-4390\" width=\"310\" height=\"413\" srcset=\"https:\/\/ocentrodedianacasa.igualdadebenestar.org\/wp-content\/uploads\/2023\/10\/WhatsApp-Image-2023-09-18-at-21.35.58-1-768x1024.jpeg 768w, https:\/\/ocentrodedianacasa.igualdadebenestar.org\/wp-content\/uploads\/2023\/10\/WhatsApp-Image-2023-09-18-at-21.35.58-1-225x300.jpeg 225w, https:\/\/ocentrodedianacasa.igualdadebenestar.org\/wp-content\/uploads\/2023\/10\/WhatsApp-Image-2023-09-18-at-21.35.58-1-1152x1536.jpeg 1152w, https:\/\/ocentrodedianacasa.igualdadebenestar.org\/wp-content\/uploads\/2023\/10\/WhatsApp-Image-2023-09-18-at-21.35.58-1.jpeg 1200w\" sizes=\"(max-width: 310px) 100vw, 310px\" \/><\/figure><\/div>\n\n\n\n<figure class=\"wp-block-image size-large is-resized\"><img loading=\"lazy\" src=\"https:\/\/ocentrodedianacasa.igualdadebenestar.org\/wp-content\/uploads\/2023\/10\/WhatsApp-Image-2023-09-18-at-21.35.51-768x1024.jpeg\" alt=\"\" class=\"wp-image-4391\" width=\"305\" height=\"407\" srcset=\"https:\/\/ocentrodedianacasa.igualdadebenestar.org\/wp-content\/uploads\/2023\/10\/WhatsApp-Image-2023-09-18-at-21.35.51-768x1024.jpeg 768w, https:\/\/ocentrodedianacasa.igualdadebenestar.org\/wp-content\/uploads\/2023\/10\/WhatsApp-Image-2023-09-18-at-21.35.51-225x300.jpeg 225w, https:\/\/ocentrodedianacasa.igualdadebenestar.org\/wp-content\/uploads\/2023\/10\/WhatsApp-Image-2023-09-18-at-21.35.51-1152x1536.jpeg 1152w, https:\/\/ocentrodedianacasa.igualdadebenestar.org\/wp-content\/uploads\/2023\/10\/WhatsApp-Image-2023-09-18-at-21.35.51.jpeg 1200w\" sizes=\"(max-width: 305px) 100vw, 305px\" \/><\/figure>\n\n\n\n<div class=\"wp-block-image\"><figure class=\"alignright size-large is-resized\"><img loading=\"lazy\" src=\"https:\/\/ocentrodedianacasa.igualdadebenestar.org\/wp-content\/uploads\/2023\/10\/WhatsApp-Image-2023-09-18-at-21.34.58-1-768x1024.jpeg\" alt=\"\" class=\"wp-image-4393\" width=\"233\" height=\"310\" srcset=\"https:\/\/ocentrodedianacasa.igualdadebenestar.org\/wp-content\/uploads\/2023\/10\/WhatsApp-Image-2023-09-18-at-21.34.58-1-768x1024.jpeg 768w, https:\/\/ocentrodedianacasa.igualdadebenestar.org\/wp-content\/uploads\/2023\/10\/WhatsApp-Image-2023-09-18-at-21.34.58-1-225x300.jpeg 225w, https:\/\/ocentrodedianacasa.igualdadebenestar.org\/wp-content\/uploads\/2023\/10\/WhatsApp-Image-2023-09-18-at-21.34.58-1-1152x1536.jpeg 1152w, https:\/\/ocentrodedianacasa.igualdadebenestar.org\/wp-content\/uploads\/2023\/10\/WhatsApp-Image-2023-09-18-at-21.34.58-1.jpeg 1200w\" sizes=\"(max-width: 233px) 100vw, 233px\" \/><\/figure><\/div>\n\n\n\n<div class=\"wp-block-image is-style-default\"><figure class=\"alignleft size-large is-resized\"><img loading=\"lazy\" src=\"https:\/\/ocentrodedianacasa.igualdadebenestar.org\/wp-content\/uploads\/2023\/10\/WhatsApp-Image-2023-09-18-at-21.34.56-768x1024.jpeg\" alt=\"\" class=\"wp-image-4392\" width=\"268\" height=\"357\" srcset=\"https:\/\/ocentrodedianacasa.igualdadebenestar.org\/wp-content\/uploads\/2023\/10\/WhatsApp-Image-2023-09-18-at-21.34.56-768x1024.jpeg 768w, https:\/\/ocentrodedianacasa.igualdadebenestar.org\/wp-content\/uploads\/2023\/10\/WhatsApp-Image-2023-09-18-at-21.34.56-225x300.jpeg 225w, https:\/\/ocentrodedianacasa.igualdadebenestar.org\/wp-content\/uploads\/2023\/10\/WhatsApp-Image-2023-09-18-at-21.34.56-1152x1536.jpeg 1152w, https:\/\/ocentrodedianacasa.igualdadebenestar.org\/wp-content\/uploads\/2023\/10\/WhatsApp-Image-2023-09-18-at-21.34.56.jpeg 1200w\" sizes=\"(max-width: 268px) 100vw, 268px\" \/><\/figure><\/div>\n\n\n\n<div class=\"wp-block-image is-style-rounded\"><figure class=\"aligncenter size-large is-resized\"><img loading=\"lazy\" src=\"https:\/\/ocentrodedianacasa.igualdadebenestar.org\/wp-content\/uploads\/2023\/10\/WhatsApp-Image-2023-09-18-at-21.35.06-768x1024.jpeg\" alt=\"\" class=\"wp-image-4394\" width=\"300\" height=\"400\" srcset=\"https:\/\/ocentrodedianacasa.igualdadebenestar.org\/wp-content\/uploads\/2023\/10\/WhatsApp-Image-2023-09-18-at-21.35.06-768x1024.jpeg 768w, https:\/\/ocentrodedianacasa.igualdadebenestar.org\/wp-content\/uploads\/2023\/10\/WhatsApp-Image-2023-09-18-at-21.35.06-225x300.jpeg 225w, https:\/\/ocentrodedianacasa.igualdadebenestar.org\/wp-content\/uploads\/2023\/10\/WhatsApp-Image-2023-09-18-at-21.35.06-1152x1536.jpeg 1152w, https:\/\/ocentrodedianacasa.igualdadebenestar.org\/wp-content\/uploads\/2023\/10\/WhatsApp-Image-2023-09-18-at-21.35.06.jpeg 1200w\" sizes=\"(max-width: 300px) 100vw, 300px\" \/><\/figure><\/div>\n ","protected":false},"excerpt":{"rendered":"<p>O pasado 18 de setembro, as persoas usuarias do centro de d\u00eda de Cospeito realizamos unha sa\u00edda a Lugo. Nesta excursi\u00f3n visitamos a catedral de Lugo, na cal desfrutamos dunha <a class=\"more-link\" href=\"https:\/\/ocentrodedianacasa.igualdadebenestar.org\/?p=4389\">Continue Reading &rarr;<\/a><\/p>\n","protected":false},"author":5,"featured_media":0,"comment_status":"closed","ping_status":"open","sticky":false,"template":"","format":"standard","meta":[],"categories":[66],"tags":[],"post_mailing_queue_ids":[],"_links":{"self":[{"href":"https:\/\/ocentrodedianacasa.igualdadebenestar.org\/index.php?rest_route=\/wp\/v2\/posts\/4389"}],"collection":[{"href":"https:\/\/ocentrodedianacasa.igualdadebenestar.org\/index.php?rest_route=\/wp\/v2\/posts"}],"about":[{"href":"https:\/\/ocentrodedianacasa.igualdadebenestar.org\/index.php?rest_route=\/wp\/v2\/types\/post"}],"author":[{"embeddable":true,"href":"https:\/\/ocentrodedianacasa.igualdadebenestar.org\/index.php?rest_route=\/wp\/v2\/users\/5"}],"replies":[{"embeddable":true,"href":"https:\/\/ocentrodedianacasa.igualdadebenestar.org\/index.php?rest_route=%2Fwp%2Fv2%2Fcomments&post=4389"}],"version-history":[{"count":3,"href":"https:\/\/ocentrodedianacasa.igualdadebenestar.org\/index.php?rest_route=\/wp\/v2\/posts\/4389\/revisions"}],"predecessor-version":[{"id":4397,"href":"https:\/\/ocentrodedianacasa.igualdadebenestar.org\/index.php?rest_route=\/wp\/v2\/posts\/4389\/revisions\/4397"}],"wp:attachment":[{"href":"https:\/\/ocentrodedianacasa.igualdadebenestar.org\/index.php?rest_route=%2Fwp%2Fv2%2Fmedia&parent=4389"}],"wp:term":[{"taxonomy":"category","embeddable":true,"href":"https:\/\/ocentrodedianacasa.igualdadebenestar.org\/index.php?rest_route=%2Fwp%2Fv2%2Fcategories&post=4389"},{"taxonomy":"post_tag","embeddable":true,"href":"https:\/\/ocentrodedianacasa.igualdadebenestar.org\/index.php?rest_route=%2Fwp%2Fv2%2Ftags&post=4389"}],"curies":[{"name":"wp","href":"https:\/\/api.w.org\/{rel}","templated":true}]}}