{"id":4386,"date":"2023-10-20T12:18:36","date_gmt":"2023-10-20T10:18:36","guid":{"rendered":"https:\/\/ocentrodedianacasa.igualdadebenestar.org\/?p=4386"},"modified":"2023-10-30T10:55:54","modified_gmt":"2023-10-30T09:55:54","slug":"camp-culleredo-a-arbore-dos-nosos-recordos-dia-mundial-do-alzheimer","status":"publish","type":"post","link":"https:\/\/ocentrodedianacasa.igualdadebenestar.org\/?p=4386","title":{"rendered":"CAMP CULLEREDO: A \u00c1RBORE DOS NOSOS RECORDOS: D\u00cdA MUNDIAL DO ALZHEIMER"},"content":{"rendered":"\n<p>Para conmemorar o d\u00eda Internacional do Alzheimer preparamos entre todos\/as a nosa \u00e1rbore dos recordos.<\/p>\n\n\n\n<p>Nel participamos tanto as traballadoras, persoas usuarias e familiares, que se implicaron moito en xeral, tentando buscar a mellor fotograf\u00eda que reflexara un recordo bonito do seu\/s\u00faa familiar que lle permitira compartilo con todas n\u00f3s. Desta forma, compartimos alg\u00fans dos nosos recordos e desfrutamos co\u00f1ecendo alg\u00fans dos recordos do resto dos\/as compa\u00f1eiros\/as.<\/p>\n\n\n\n<p>A familia foi un factor fundamental para esta actividade, sobre todo no caso daquelas persoas usuarias que est\u00e1n m\u00e1is delicadas cognitivamente, constitu\u00edndo a ponte precisa para co\u00f1ecer e darlle forma a parte daqueles recordos, en alg\u00fans casos, esquecidos. Foi moi gratificante ver como moitas persoas usuarias colgaban os seus recordos e comparten con ilusi\u00f3n a s\u00faa historia cos compa\u00f1eiros\/as e co equipo de traballo cada vez que pasan por al\u00ed.<\/p>\n\n\n\n<p>Pensamos que ser\u00e1 unha bonita forma de conmemorar este d\u00eda, tentando de ter presentes os recordos, traballar a reminiscencia e ter moi presentes a todas aquelas persoas que padecen esta enfermidade, permitindo un maior achegamento non s\u00f3 a eles\/elas, sen\u00f3n \u00e1s s\u00faas historias de vida.<\/p>\n\n\n\n<figure class=\"wp-block-image size-large\"><img loading=\"lazy\" width=\"1024\" height=\"803\" src=\"https:\/\/ocentrodedianacasa.igualdadebenestar.org\/wp-content\/uploads\/2023\/10\/WhatsApp-Image-2023-09-21-at-13.18.07-1024x803.jpeg\" alt=\"\" class=\"wp-image-4387\" srcset=\"https:\/\/ocentrodedianacasa.igualdadebenestar.org\/wp-content\/uploads\/2023\/10\/WhatsApp-Image-2023-09-21-at-13.18.07-1024x803.jpeg 1024w, https:\/\/ocentrodedianacasa.igualdadebenestar.org\/wp-content\/uploads\/2023\/10\/WhatsApp-Image-2023-09-21-at-13.18.07-300x235.jpeg 300w, https:\/\/ocentrodedianacasa.igualdadebenestar.org\/wp-content\/uploads\/2023\/10\/WhatsApp-Image-2023-09-21-at-13.18.07-768x602.jpeg 768w, https:\/\/ocentrodedianacasa.igualdadebenestar.org\/wp-content\/uploads\/2023\/10\/WhatsApp-Image-2023-09-21-at-13.18.07-1536x1204.jpeg 1536w, https:\/\/ocentrodedianacasa.igualdadebenestar.org\/wp-content\/uploads\/2023\/10\/WhatsApp-Image-2023-09-21-at-13.18.07.jpeg 1600w\" sizes=\"(max-width: 1024px) 100vw, 1024px\" \/><\/figure>\n ","protected":false},"excerpt":{"rendered":"<p>Para conmemorar o d\u00eda Internacional do Alzheimer preparamos entre todos\/as a nosa \u00e1rbore dos recordos. Nel participamos tanto as traballadoras, persoas usuarias e familiares, que se implicaron moito en xeral, <a class=\"more-link\" href=\"https:\/\/ocentrodedianacasa.igualdadebenestar.org\/?p=4386\">Continue Reading &rarr;<\/a><\/p>\n","protected":false},"author":5,"featured_media":0,"comment_status":"closed","ping_status":"open","sticky":false,"template":"","format":"standard","meta":[],"categories":[44,66],"tags":[],"post_mailing_queue_ids":[],"_links":{"self":[{"href":"https:\/\/ocentrodedianacasa.igualdadebenestar.org\/index.php?rest_route=\/wp\/v2\/posts\/4386"}],"collection":[{"href":"https:\/\/ocentrodedianacasa.igualdadebenestar.org\/index.php?rest_route=\/wp\/v2\/posts"}],"about":[{"href":"https:\/\/ocentrodedianacasa.igualdadebenestar.org\/index.php?rest_route=\/wp\/v2\/types\/post"}],"author":[{"embeddable":true,"href":"https:\/\/ocentrodedianacasa.igualdadebenestar.org\/index.php?rest_route=\/wp\/v2\/users\/5"}],"replies":[{"embeddable":true,"href":"https:\/\/ocentrodedianacasa.igualdadebenestar.org\/index.php?rest_route=%2Fwp%2Fv2%2Fcomments&post=4386"}],"version-history":[{"count":1,"href":"https:\/\/ocentrodedianacasa.igualdadebenestar.org\/index.php?rest_route=\/wp\/v2\/posts\/4386\/revisions"}],"predecessor-version":[{"id":4388,"href":"https:\/\/ocentrodedianacasa.igualdadebenestar.org\/index.php?rest_route=\/wp\/v2\/posts\/4386\/revisions\/4388"}],"wp:attachment":[{"href":"https:\/\/ocentrodedianacasa.igualdadebenestar.org\/index.php?rest_route=%2Fwp%2Fv2%2Fmedia&parent=4386"}],"wp:term":[{"taxonomy":"category","embeddable":true,"href":"https:\/\/ocentrodedianacasa.igualdadebenestar.org\/index.php?rest_route=%2Fwp%2Fv2%2Fcategories&post=4386"},{"taxonomy":"post_tag","embeddable":true,"href":"https:\/\/ocentrodedianacasa.igualdadebenestar.org\/index.php?rest_route=%2Fwp%2Fv2%2Ftags&post=4386"}],"curies":[{"name":"wp","href":"https:\/\/api.w.org\/{rel}","templated":true}]}}