{"id":4279,"date":"2023-05-26T00:00:00","date_gmt":"2023-05-25T22:00:00","guid":{"rendered":"https:\/\/ocentrodedianacasa.igualdadebenestar.org\/?p=4279"},"modified":"2023-05-24T08:15:36","modified_gmt":"2023-05-24T06:15:36","slug":"cebracion-letras-galegas-2023","status":"publish","type":"post","link":"https:\/\/ocentrodedianacasa.igualdadebenestar.org\/?p=4279","title":{"rendered":"CEBRACI\u00d3N LETRAS GALEGAS 2023"},"content":{"rendered":"\n<p>Recuperando vellas tradici\u00f3ns prepand\u00e9micas, este ano celebramos o d\u00eda das letras galegas 2023 coa comunidade educativa do CEIP Aquilino Iglesias Alvari\u00f1o.<\/p>\n\n\n\n<p>O martes 16 de Maio, despraz\u00e1monos ao colexio de Abad\u00edn para desfrutar dun festival no que houbo actividades variadas e variopintas e no que participamos todos. As\u00ed comenzaron os pequenos da escola cunha actuaci\u00f3n musical, seguido dun teatrillo sobre a vida do autor Francisco Fern\u00e1ndez del Riego. A continuaci\u00f3n as persoas usuarias do centro fixeron un \u201cpasapalabra\u201d sobre curiosidades do noso concello e da cultura galega. Desped\u00edmonos dos nenos e profesores coa interpretaci\u00f3n do himno galego, cantado por nenos e maiores e compromet\u00e9ndonos a vernos antes de que finalice o curso en xu\u00f1o.<\/p>\n\n\n\n<figure class=\"wp-block-image size-large\"><img loading=\"lazy\" width=\"1024\" height=\"768\" src=\"https:\/\/ocentrodedianacasa.igualdadebenestar.org\/wp-content\/uploads\/2023\/05\/IMG-20230516-WA0004-1024x768.jpg\" alt=\"\" class=\"wp-image-4281\" srcset=\"https:\/\/ocentrodedianacasa.igualdadebenestar.org\/wp-content\/uploads\/2023\/05\/IMG-20230516-WA0004-1024x768.jpg 1024w, https:\/\/ocentrodedianacasa.igualdadebenestar.org\/wp-content\/uploads\/2023\/05\/IMG-20230516-WA0004-300x225.jpg 300w, https:\/\/ocentrodedianacasa.igualdadebenestar.org\/wp-content\/uploads\/2023\/05\/IMG-20230516-WA0004-768x576.jpg 768w, https:\/\/ocentrodedianacasa.igualdadebenestar.org\/wp-content\/uploads\/2023\/05\/IMG-20230516-WA0004-1536x1152.jpg 1536w, https:\/\/ocentrodedianacasa.igualdadebenestar.org\/wp-content\/uploads\/2023\/05\/IMG-20230516-WA0004.jpg 1600w\" sizes=\"(max-width: 1024px) 100vw, 1024px\" \/><\/figure>\n\n\n\n<p>Para rematar esta xornada festiva, fumos desfrutar dun aperitivo antes do xantar nun emblem\u00e1tica establecemento abadinense.<\/p>\n\n\n\n<figure class=\"wp-block-image size-large\"><img loading=\"lazy\" width=\"1024\" height=\"771\" src=\"https:\/\/ocentrodedianacasa.igualdadebenestar.org\/wp-content\/uploads\/2023\/05\/IMG20230516125944-1024x771.jpg\" alt=\"\" class=\"wp-image-4280\" srcset=\"https:\/\/ocentrodedianacasa.igualdadebenestar.org\/wp-content\/uploads\/2023\/05\/IMG20230516125944-1024x771.jpg 1024w, https:\/\/ocentrodedianacasa.igualdadebenestar.org\/wp-content\/uploads\/2023\/05\/IMG20230516125944-300x226.jpg 300w, https:\/\/ocentrodedianacasa.igualdadebenestar.org\/wp-content\/uploads\/2023\/05\/IMG20230516125944-768x578.jpg 768w, https:\/\/ocentrodedianacasa.igualdadebenestar.org\/wp-content\/uploads\/2023\/05\/IMG20230516125944-1536x1157.jpg 1536w, https:\/\/ocentrodedianacasa.igualdadebenestar.org\/wp-content\/uploads\/2023\/05\/IMG20230516125944-2048x1542.jpg 2048w\" sizes=\"(max-width: 1024px) 100vw, 1024px\" \/><\/figure>\n ","protected":false},"excerpt":{"rendered":"<p>Recuperando vellas tradici\u00f3ns prepand\u00e9micas, este ano celebramos o d\u00eda das letras galegas 2023 coa comunidade educativa do CEIP Aquilino Iglesias Alvari\u00f1o. O martes 16 de Maio, despraz\u00e1monos ao colexio de <a class=\"more-link\" href=\"https:\/\/ocentrodedianacasa.igualdadebenestar.org\/?p=4279\">Continue Reading &rarr;<\/a><\/p>\n","protected":false},"author":5,"featured_media":0,"comment_status":"open","ping_status":"open","sticky":false,"template":"","format":"standard","meta":[],"categories":[44,135,66],"tags":[],"post_mailing_queue_ids":[],"_links":{"self":[{"href":"https:\/\/ocentrodedianacasa.igualdadebenestar.org\/index.php?rest_route=\/wp\/v2\/posts\/4279"}],"collection":[{"href":"https:\/\/ocentrodedianacasa.igualdadebenestar.org\/index.php?rest_route=\/wp\/v2\/posts"}],"about":[{"href":"https:\/\/ocentrodedianacasa.igualdadebenestar.org\/index.php?rest_route=\/wp\/v2\/types\/post"}],"author":[{"embeddable":true,"href":"https:\/\/ocentrodedianacasa.igualdadebenestar.org\/index.php?rest_route=\/wp\/v2\/users\/5"}],"replies":[{"embeddable":true,"href":"https:\/\/ocentrodedianacasa.igualdadebenestar.org\/index.php?rest_route=%2Fwp%2Fv2%2Fcomments&post=4279"}],"version-history":[{"count":1,"href":"https:\/\/ocentrodedianacasa.igualdadebenestar.org\/index.php?rest_route=\/wp\/v2\/posts\/4279\/revisions"}],"predecessor-version":[{"id":4282,"href":"https:\/\/ocentrodedianacasa.igualdadebenestar.org\/index.php?rest_route=\/wp\/v2\/posts\/4279\/revisions\/4282"}],"wp:attachment":[{"href":"https:\/\/ocentrodedianacasa.igualdadebenestar.org\/index.php?rest_route=%2Fwp%2Fv2%2Fmedia&parent=4279"}],"wp:term":[{"taxonomy":"category","embeddable":true,"href":"https:\/\/ocentrodedianacasa.igualdadebenestar.org\/index.php?rest_route=%2Fwp%2Fv2%2Fcategories&post=4279"},{"taxonomy":"post_tag","embeddable":true,"href":"https:\/\/ocentrodedianacasa.igualdadebenestar.org\/index.php?rest_route=%2Fwp%2Fv2%2Ftags&post=4279"}],"curies":[{"name":"wp","href":"https:\/\/api.w.org\/{rel}","templated":true}]}}