{"id":4274,"date":"2023-05-26T00:00:00","date_gmt":"2023-05-25T22:00:00","guid":{"rendered":"https:\/\/ocentrodedianacasa.igualdadebenestar.org\/?p=4274"},"modified":"2023-05-23T14:52:51","modified_gmt":"2023-05-23T12:52:51","slug":"camp-abadin-vi-concurso-festival-de-cans","status":"publish","type":"post","link":"https:\/\/ocentrodedianacasa.igualdadebenestar.org\/?p=4274","title":{"rendered":"CAMP ABADIN: VI CONCURSO FESTIVAL DE CANS"},"content":{"rendered":"\n<p>Os nosos compa\u00f1eiros do CAPM de Porri\u00f1o, propux\u00e9ronnos participar, como \u00e9 habitual desde hai uns anos, no VI Festival de Cans. No \u201cConsello de Sabios\u201d e entre todos decidimos que o noso can \u00eda ser un can \u201cpicasiano\u201d, coincidindo co cincuenta aniversario do falecemento deste reco\u00f1ecido artista espa\u00f1ol.<\/p>\n\n\n\n<div class=\"wp-block-image\"><figure class=\"alignright size-large is-resized\"><img loading=\"lazy\" src=\"https:\/\/ocentrodedianacasa.igualdadebenestar.org\/wp-content\/uploads\/2023\/05\/IMG-20230504-WA0006-576x1024.jpeg\" alt=\"\" class=\"wp-image-4275\" width=\"358\" height=\"636\" srcset=\"https:\/\/ocentrodedianacasa.igualdadebenestar.org\/wp-content\/uploads\/2023\/05\/IMG-20230504-WA0006-576x1024.jpeg 576w, https:\/\/ocentrodedianacasa.igualdadebenestar.org\/wp-content\/uploads\/2023\/05\/IMG-20230504-WA0006-169x300.jpeg 169w, https:\/\/ocentrodedianacasa.igualdadebenestar.org\/wp-content\/uploads\/2023\/05\/IMG-20230504-WA0006-768x1365.jpeg 768w, https:\/\/ocentrodedianacasa.igualdadebenestar.org\/wp-content\/uploads\/2023\/05\/IMG-20230504-WA0006-864x1536.jpeg 864w, https:\/\/ocentrodedianacasa.igualdadebenestar.org\/wp-content\/uploads\/2023\/05\/IMG-20230504-WA0006.jpeg 900w\" sizes=\"(max-width: 358px) 100vw, 358px\" \/><\/figure><\/div>\n\n\n\n<p>Cal foi a nosa sorpresa, cando nos comunicaron que o noso \u201cCansso\u201d foi o ga\u00f1ador do premio \u201cSUPERCAPM 2023\u201d, que otorga o xurado.<\/p>\n\n\n\n<p>Desde Abad\u00edn queremos expresar o noso agradecemento por este galard\u00f3n\u2026 VIVA O FESTIVAL DE CANS!!!!<\/p>\n\n\n\n<figure class=\"wp-block-image size-large\"><img loading=\"lazy\" width=\"1024\" height=\"576\" src=\"https:\/\/ocentrodedianacasa.igualdadebenestar.org\/wp-content\/uploads\/2023\/05\/IMG-20230504-WA0012-1024x576.jpeg\" alt=\"\" class=\"wp-image-4276\" srcset=\"https:\/\/ocentrodedianacasa.igualdadebenestar.org\/wp-content\/uploads\/2023\/05\/IMG-20230504-WA0012-1024x576.jpeg 1024w, https:\/\/ocentrodedianacasa.igualdadebenestar.org\/wp-content\/uploads\/2023\/05\/IMG-20230504-WA0012-300x169.jpeg 300w, https:\/\/ocentrodedianacasa.igualdadebenestar.org\/wp-content\/uploads\/2023\/05\/IMG-20230504-WA0012-768x432.jpeg 768w, https:\/\/ocentrodedianacasa.igualdadebenestar.org\/wp-content\/uploads\/2023\/05\/IMG-20230504-WA0012-1536x864.jpeg 1536w, https:\/\/ocentrodedianacasa.igualdadebenestar.org\/wp-content\/uploads\/2023\/05\/IMG-20230504-WA0012.jpeg 1600w\" sizes=\"(max-width: 1024px) 100vw, 1024px\" \/><\/figure>\n ","protected":false},"excerpt":{"rendered":"<p>Os nosos compa\u00f1eiros do CAPM de Porri\u00f1o, propux\u00e9ronnos participar, como \u00e9 habitual desde hai uns anos, no VI Festival de Cans. No \u201cConsello de Sabios\u201d e entre todos decidimos que <a class=\"more-link\" href=\"https:\/\/ocentrodedianacasa.igualdadebenestar.org\/?p=4274\">Continue Reading &rarr;<\/a><\/p>\n","protected":false},"author":5,"featured_media":0,"comment_status":"open","ping_status":"open","sticky":false,"template":"","format":"standard","meta":[],"categories":[128,44,66],"tags":[],"post_mailing_queue_ids":[],"_links":{"self":[{"href":"https:\/\/ocentrodedianacasa.igualdadebenestar.org\/index.php?rest_route=\/wp\/v2\/posts\/4274"}],"collection":[{"href":"https:\/\/ocentrodedianacasa.igualdadebenestar.org\/index.php?rest_route=\/wp\/v2\/posts"}],"about":[{"href":"https:\/\/ocentrodedianacasa.igualdadebenestar.org\/index.php?rest_route=\/wp\/v2\/types\/post"}],"author":[{"embeddable":true,"href":"https:\/\/ocentrodedianacasa.igualdadebenestar.org\/index.php?rest_route=\/wp\/v2\/users\/5"}],"replies":[{"embeddable":true,"href":"https:\/\/ocentrodedianacasa.igualdadebenestar.org\/index.php?rest_route=%2Fwp%2Fv2%2Fcomments&post=4274"}],"version-history":[{"count":2,"href":"https:\/\/ocentrodedianacasa.igualdadebenestar.org\/index.php?rest_route=\/wp\/v2\/posts\/4274\/revisions"}],"predecessor-version":[{"id":4278,"href":"https:\/\/ocentrodedianacasa.igualdadebenestar.org\/index.php?rest_route=\/wp\/v2\/posts\/4274\/revisions\/4278"}],"wp:attachment":[{"href":"https:\/\/ocentrodedianacasa.igualdadebenestar.org\/index.php?rest_route=%2Fwp%2Fv2%2Fmedia&parent=4274"}],"wp:term":[{"taxonomy":"category","embeddable":true,"href":"https:\/\/ocentrodedianacasa.igualdadebenestar.org\/index.php?rest_route=%2Fwp%2Fv2%2Fcategories&post=4274"},{"taxonomy":"post_tag","embeddable":true,"href":"https:\/\/ocentrodedianacasa.igualdadebenestar.org\/index.php?rest_route=%2Fwp%2Fv2%2Ftags&post=4274"}],"curies":[{"name":"wp","href":"https:\/\/api.w.org\/{rel}","templated":true}]}}