{"id":4271,"date":"2023-05-26T00:00:00","date_gmt":"2023-05-25T22:00:00","guid":{"rendered":"https:\/\/ocentrodedianacasa.igualdadebenestar.org\/?p=4271"},"modified":"2023-05-23T14:46:55","modified_gmt":"2023-05-23T12:46:55","slug":"dia-da-solidariedade-interxeracional-no-capm-de-cuntis","status":"publish","type":"post","link":"https:\/\/ocentrodedianacasa.igualdadebenestar.org\/?p=4271","title":{"rendered":"D\u00cdA DA SOLIDARIEDADE INTERXERACIONAL NO CAPM DE CUNTIS"},"content":{"rendered":"\n<p>O 28 do mes pasado, celebramos o d\u00eda da Solidariedade Interxeracional cos alumnos e alumnas do colexio de Cuntis CPI Aurelio Marcelino Rey Garc\u00eda. Levamos a cabo unha sa\u00edda conxunta polo pobo de Cuntis buscando todas as barreiras arquitect\u00f3nicas que dificultasen a mobilidade das persoas maiores ou con alg\u00fan tipo de diversidade funcional.<\/p>\n\n\n\n<p>Primeiramente, dividimos o pobo en tres zonas e cada zona foi asignada a un grupo de 2 persoas maiores e 4 rapaces\/as.<\/p>\n\n\n\n<p>Tras levar a cabo a pescuda das barreiras, reun\u00edmonos todos para po\u00f1er en com\u00fan todo o atopado.<\/p>\n\n\n\n<p>Para todas as persoas participantes foi unha ma\u00f1\u00e1 moi interesante e entretida.<\/p>\n\n\n\n<p>Aqu\u00ed vos deixamos unhas fotos!<\/p>\n\n\n\n<figure class=\"wp-block-image size-large\"><img loading=\"lazy\" width=\"1024\" height=\"819\" src=\"https:\/\/ocentrodedianacasa.igualdadebenestar.org\/wp-content\/uploads\/2023\/05\/Dia-Solidariedade-Interxeracional-1024x819.jpg\" alt=\"\" class=\"wp-image-4272\" srcset=\"https:\/\/ocentrodedianacasa.igualdadebenestar.org\/wp-content\/uploads\/2023\/05\/Dia-Solidariedade-Interxeracional-1024x819.jpg 1024w, https:\/\/ocentrodedianacasa.igualdadebenestar.org\/wp-content\/uploads\/2023\/05\/Dia-Solidariedade-Interxeracional-300x240.jpg 300w, https:\/\/ocentrodedianacasa.igualdadebenestar.org\/wp-content\/uploads\/2023\/05\/Dia-Solidariedade-Interxeracional-768x614.jpg 768w, https:\/\/ocentrodedianacasa.igualdadebenestar.org\/wp-content\/uploads\/2023\/05\/Dia-Solidariedade-Interxeracional-1536x1229.jpg 1536w, https:\/\/ocentrodedianacasa.igualdadebenestar.org\/wp-content\/uploads\/2023\/05\/Dia-Solidariedade-Interxeracional.jpg 2000w\" sizes=\"(max-width: 1024px) 100vw, 1024px\" \/><\/figure>\n ","protected":false},"excerpt":{"rendered":"<p>O 28 do mes pasado, celebramos o d\u00eda da Solidariedade Interxeracional cos alumnos e alumnas do colexio de Cuntis CPI Aurelio Marcelino Rey Garc\u00eda. Levamos a cabo unha sa\u00edda conxunta <a class=\"more-link\" href=\"https:\/\/ocentrodedianacasa.igualdadebenestar.org\/?p=4271\">Continue Reading &rarr;<\/a><\/p>\n","protected":false},"author":5,"featured_media":0,"comment_status":"open","ping_status":"open","sticky":false,"template":"","format":"standard","meta":[],"categories":[44,66],"tags":[],"post_mailing_queue_ids":[],"_links":{"self":[{"href":"https:\/\/ocentrodedianacasa.igualdadebenestar.org\/index.php?rest_route=\/wp\/v2\/posts\/4271"}],"collection":[{"href":"https:\/\/ocentrodedianacasa.igualdadebenestar.org\/index.php?rest_route=\/wp\/v2\/posts"}],"about":[{"href":"https:\/\/ocentrodedianacasa.igualdadebenestar.org\/index.php?rest_route=\/wp\/v2\/types\/post"}],"author":[{"embeddable":true,"href":"https:\/\/ocentrodedianacasa.igualdadebenestar.org\/index.php?rest_route=\/wp\/v2\/users\/5"}],"replies":[{"embeddable":true,"href":"https:\/\/ocentrodedianacasa.igualdadebenestar.org\/index.php?rest_route=%2Fwp%2Fv2%2Fcomments&post=4271"}],"version-history":[{"count":1,"href":"https:\/\/ocentrodedianacasa.igualdadebenestar.org\/index.php?rest_route=\/wp\/v2\/posts\/4271\/revisions"}],"predecessor-version":[{"id":4273,"href":"https:\/\/ocentrodedianacasa.igualdadebenestar.org\/index.php?rest_route=\/wp\/v2\/posts\/4271\/revisions\/4273"}],"wp:attachment":[{"href":"https:\/\/ocentrodedianacasa.igualdadebenestar.org\/index.php?rest_route=%2Fwp%2Fv2%2Fmedia&parent=4271"}],"wp:term":[{"taxonomy":"category","embeddable":true,"href":"https:\/\/ocentrodedianacasa.igualdadebenestar.org\/index.php?rest_route=%2Fwp%2Fv2%2Fcategories&post=4271"},{"taxonomy":"post_tag","embeddable":true,"href":"https:\/\/ocentrodedianacasa.igualdadebenestar.org\/index.php?rest_route=%2Fwp%2Fv2%2Ftags&post=4271"}],"curies":[{"name":"wp","href":"https:\/\/api.w.org\/{rel}","templated":true}]}}