{"id":4218,"date":"2023-04-28T13:03:00","date_gmt":"2023-04-28T11:03:00","guid":{"rendered":"https:\/\/ocentrodedianacasa.igualdadebenestar.org\/?p=4218"},"modified":"2023-04-26T13:33:06","modified_gmt":"2023-04-26T11:33:06","slug":"lecturas-polo-dia-do-libro-no-cd-cospeito","status":"publish","type":"post","link":"https:\/\/ocentrodedianacasa.igualdadebenestar.org\/?p=4218","title":{"rendered":"LECTURAS POLO D\u00cdA DO LIBRO NO CD COSPEITO"},"content":{"rendered":"\n<figure class=\"wp-block-image size-large is-resized is-style-rounded\"><img loading=\"lazy\" src=\"https:\/\/ocentrodedianacasa.igualdadebenestar.org\/wp-content\/uploads\/2023\/04\/WhatsApp-Image-2023-04-19-at-14.47.58-2.jpeg\" alt=\"\" class=\"wp-image-4221\" width=\"228\" height=\"171\" srcset=\"https:\/\/ocentrodedianacasa.igualdadebenestar.org\/wp-content\/uploads\/2023\/04\/WhatsApp-Image-2023-04-19-at-14.47.58-2.jpeg 1024w, https:\/\/ocentrodedianacasa.igualdadebenestar.org\/wp-content\/uploads\/2023\/04\/WhatsApp-Image-2023-04-19-at-14.47.58-2-300x225.jpeg 300w, https:\/\/ocentrodedianacasa.igualdadebenestar.org\/wp-content\/uploads\/2023\/04\/WhatsApp-Image-2023-04-19-at-14.47.58-2-768x576.jpeg 768w\" sizes=\"(max-width: 228px) 100vw, 228px\" \/><\/figure>\n\n\n\n<p>Nesta semana conmemoramos o d\u00eda do libro no centro de d\u00eda de Cospeito con d\u00faas actividades en colaboraci\u00f3n co CPI Virxe do Monte.<\/p>\n\n\n\n<p>Por unha banda, un grupo de persoas usuarias voluntarias subiron a realizar unha sesi\u00f3n de contacontos para o alumnado de educaci\u00f3n infantil, na cal lles leron \u201cO libro de contar\u201d. Os m\u00e1is pequenos escoitaron atentamente mentres os nosos maiores lles contaban esta historia tan divertida na cal repasaron os n\u00fameros ata o 12.<\/p>\n\n\n\n<p>As\u00ed mesmo, outro d\u00eda baixou ata o centro de d\u00eda o alumnado de 6\u00ba de educaci\u00f3n primaria para unha sesi\u00f3n de lectura colaborativa coas nosas persoas usuarias. Posto que no d\u00eda do libro \u00e9 tradici\u00f3n agasallar cunha flor, as persoas usuarias elaboraron flores con papel para darllas ao alumnado como agradecemento pola s\u00faa visita.<\/p>\n\n\n\n<figure class=\"wp-block-image size-large is-resized is-style-rounded\"><img loading=\"lazy\" src=\"https:\/\/ocentrodedianacasa.igualdadebenestar.org\/wp-content\/uploads\/2023\/04\/WhatsApp-Image-2023-04-24-at-17.37.26-1-1-1024x576.jpeg\" alt=\"\" class=\"wp-image-4220\" width=\"320\" height=\"180\" srcset=\"https:\/\/ocentrodedianacasa.igualdadebenestar.org\/wp-content\/uploads\/2023\/04\/WhatsApp-Image-2023-04-24-at-17.37.26-1-1-1024x576.jpeg 1024w, https:\/\/ocentrodedianacasa.igualdadebenestar.org\/wp-content\/uploads\/2023\/04\/WhatsApp-Image-2023-04-24-at-17.37.26-1-1-300x169.jpeg 300w, https:\/\/ocentrodedianacasa.igualdadebenestar.org\/wp-content\/uploads\/2023\/04\/WhatsApp-Image-2023-04-24-at-17.37.26-1-1-768x432.jpeg 768w, https:\/\/ocentrodedianacasa.igualdadebenestar.org\/wp-content\/uploads\/2023\/04\/WhatsApp-Image-2023-04-24-at-17.37.26-1-1-1536x864.jpeg 1536w, https:\/\/ocentrodedianacasa.igualdadebenestar.org\/wp-content\/uploads\/2023\/04\/WhatsApp-Image-2023-04-24-at-17.37.26-1-1.jpeg 1600w\" sizes=\"(max-width: 320px) 100vw, 320px\" \/><\/figure>\n ","protected":false},"excerpt":{"rendered":"<p>Nesta semana conmemoramos o d\u00eda do libro no centro de d\u00eda de Cospeito con d\u00faas actividades en colaboraci\u00f3n co CPI Virxe do Monte. Por unha banda, un grupo de persoas <a class=\"more-link\" href=\"https:\/\/ocentrodedianacasa.igualdadebenestar.org\/?p=4218\">Continue Reading &rarr;<\/a><\/p>\n","protected":false},"author":3,"featured_media":0,"comment_status":"open","ping_status":"open","sticky":false,"template":"","format":"standard","meta":[],"categories":[44],"tags":[],"post_mailing_queue_ids":[],"_links":{"self":[{"href":"https:\/\/ocentrodedianacasa.igualdadebenestar.org\/index.php?rest_route=\/wp\/v2\/posts\/4218"}],"collection":[{"href":"https:\/\/ocentrodedianacasa.igualdadebenestar.org\/index.php?rest_route=\/wp\/v2\/posts"}],"about":[{"href":"https:\/\/ocentrodedianacasa.igualdadebenestar.org\/index.php?rest_route=\/wp\/v2\/types\/post"}],"author":[{"embeddable":true,"href":"https:\/\/ocentrodedianacasa.igualdadebenestar.org\/index.php?rest_route=\/wp\/v2\/users\/3"}],"replies":[{"embeddable":true,"href":"https:\/\/ocentrodedianacasa.igualdadebenestar.org\/index.php?rest_route=%2Fwp%2Fv2%2Fcomments&post=4218"}],"version-history":[{"count":1,"href":"https:\/\/ocentrodedianacasa.igualdadebenestar.org\/index.php?rest_route=\/wp\/v2\/posts\/4218\/revisions"}],"predecessor-version":[{"id":4222,"href":"https:\/\/ocentrodedianacasa.igualdadebenestar.org\/index.php?rest_route=\/wp\/v2\/posts\/4218\/revisions\/4222"}],"wp:attachment":[{"href":"https:\/\/ocentrodedianacasa.igualdadebenestar.org\/index.php?rest_route=%2Fwp%2Fv2%2Fmedia&parent=4218"}],"wp:term":[{"taxonomy":"category","embeddable":true,"href":"https:\/\/ocentrodedianacasa.igualdadebenestar.org\/index.php?rest_route=%2Fwp%2Fv2%2Fcategories&post=4218"},{"taxonomy":"post_tag","embeddable":true,"href":"https:\/\/ocentrodedianacasa.igualdadebenestar.org\/index.php?rest_route=%2Fwp%2Fv2%2Ftags&post=4218"}],"curies":[{"name":"wp","href":"https:\/\/api.w.org\/{rel}","templated":true}]}}