{"id":4209,"date":"2023-04-28T00:05:00","date_gmt":"2023-04-27T22:05:00","guid":{"rendered":"https:\/\/ocentrodedianacasa.igualdadebenestar.org\/?p=4209"},"modified":"2023-04-26T08:34:54","modified_gmt":"2023-04-26T06:34:54","slug":"saida-biblioteca-municipal-de-vilalba","status":"publish","type":"post","link":"https:\/\/ocentrodedianacasa.igualdadebenestar.org\/?p=4209","title":{"rendered":"SA\u00cdDA BIBLIOTECA MUNICIPAL DE VILALBA"},"content":{"rendered":"\n<p>No CAPM Abad\u00edn realizamos diversas acci\u00f3ns e actividades dentro do proxecto de fomento da lectura, \u201cO Pracer de Ler\u201d, creado hai tres anos e a trav\u00e9s do cal promocionamos e promovemos que as persoas usuarias do noso Centro te\u00f1an acceso a libros de escritura, linguaxe e ilustraci\u00f3ns adaptadas que faciliten a comprensi\u00f3n dos mesmos. Para iso contamos con unha pequena bliblioteca propia e unha iniciativa de prestamo de libros adaptados de lectura f\u00e1cil.<\/p>\n\n\n\n<figure class=\"wp-block-image size-large is-resized\"><img loading=\"lazy\" src=\"https:\/\/ocentrodedianacasa.igualdadebenestar.org\/wp-content\/uploads\/2023\/04\/IMG-20230421-WA0003-1024x768.jpg\" alt=\"\" class=\"wp-image-4210\" width=\"474\" height=\"356\" srcset=\"https:\/\/ocentrodedianacasa.igualdadebenestar.org\/wp-content\/uploads\/2023\/04\/IMG-20230421-WA0003-1024x768.jpg 1024w, https:\/\/ocentrodedianacasa.igualdadebenestar.org\/wp-content\/uploads\/2023\/04\/IMG-20230421-WA0003-300x225.jpg 300w, https:\/\/ocentrodedianacasa.igualdadebenestar.org\/wp-content\/uploads\/2023\/04\/IMG-20230421-WA0003-768x576.jpg 768w, https:\/\/ocentrodedianacasa.igualdadebenestar.org\/wp-content\/uploads\/2023\/04\/IMG-20230421-WA0003-1536x1152.jpg 1536w, https:\/\/ocentrodedianacasa.igualdadebenestar.org\/wp-content\/uploads\/2023\/04\/IMG-20230421-WA0003.jpg 1600w\" sizes=\"(max-width: 474px) 100vw, 474px\" \/><\/figure>\n\n\n\n<div class=\"wp-block-image\"><figure class=\"alignleft size-large is-resized\"><img loading=\"lazy\" src=\"https:\/\/ocentrodedianacasa.igualdadebenestar.org\/wp-content\/uploads\/2023\/04\/IMG-20230421-WA0009.jpg\" alt=\"\" class=\"wp-image-4211\" width=\"379\" height=\"284\" srcset=\"https:\/\/ocentrodedianacasa.igualdadebenestar.org\/wp-content\/uploads\/2023\/04\/IMG-20230421-WA0009.jpg 1024w, https:\/\/ocentrodedianacasa.igualdadebenestar.org\/wp-content\/uploads\/2023\/04\/IMG-20230421-WA0009-300x225.jpg 300w, https:\/\/ocentrodedianacasa.igualdadebenestar.org\/wp-content\/uploads\/2023\/04\/IMG-20230421-WA0009-768x576.jpg 768w\" sizes=\"(max-width: 379px) 100vw, 379px\" \/><\/figure><\/div>\n\n\n\n<p>Una das acci\u00f3ns deste mes foi a realizaci\u00f3n dunha sa\u00edda o 21 de Abril, v\u00edsperas do D\u00eda Internacional do Libro, \u00e1 Biblioteca Municipal do concello de Vilalba, onde fomos recibidas pola blibiotecaria, Iria, e autoridades do Concello e onde desfrutamos dunha visita guiada polas instalaci\u00f3ns. Aproveitando o sal\u00f3n de actos fixemos unha lectura do libro: \u201cBaixo o mesmo ceo\u201d de Nuria Mart\u00ed Constans, que nos prestaron na propia biblioteca municipal no seu recuncho de lectura f\u00e1cil. <\/p>\n\n\n\n<p>Que mellor forma de celebrar o D\u00eda do Libro!!!<\/p>\n\n\n\n<div class=\"wp-block-image\"><figure class=\"alignleft size-large is-resized\"><img loading=\"lazy\" src=\"https:\/\/ocentrodedianacasa.igualdadebenestar.org\/wp-content\/uploads\/2023\/04\/IMG-20230421-WA0020-1024x771.jpg\" alt=\"\" class=\"wp-image-4212\" width=\"360\" height=\"271\" srcset=\"https:\/\/ocentrodedianacasa.igualdadebenestar.org\/wp-content\/uploads\/2023\/04\/IMG-20230421-WA0020-1024x771.jpg 1024w, https:\/\/ocentrodedianacasa.igualdadebenestar.org\/wp-content\/uploads\/2023\/04\/IMG-20230421-WA0020-300x226.jpg 300w, https:\/\/ocentrodedianacasa.igualdadebenestar.org\/wp-content\/uploads\/2023\/04\/IMG-20230421-WA0020-768x578.jpg 768w, https:\/\/ocentrodedianacasa.igualdadebenestar.org\/wp-content\/uploads\/2023\/04\/IMG-20230421-WA0020-1536x1156.jpg 1536w, https:\/\/ocentrodedianacasa.igualdadebenestar.org\/wp-content\/uploads\/2023\/04\/IMG-20230421-WA0020.jpg 1600w\" sizes=\"(max-width: 360px) 100vw, 360px\" \/><\/figure><\/div>\n\n\n\n<p>Para despedirnos, a parte da boa acollida e mellor visita, a biliotecaria agasallounos cunha bolsa de tea e dous libros para cada persoa participante.<\/p>\n\n\n\n<p><\/p>\n\n\n\n<p>E como non, como xa \u00e9 tradici\u00f3n no centro, rematamos a sa\u00edda tomando un delicioso aperitivo nun m\u00edtico local da zona.<\/p>\n\n\n\n<div class=\"wp-block-image\"><figure class=\"aligncenter size-large is-resized\"><img loading=\"lazy\" src=\"https:\/\/ocentrodedianacasa.igualdadebenestar.org\/wp-content\/uploads\/2023\/04\/IMG-20230421-WA0030-1024x771.jpg\" alt=\"\" class=\"wp-image-4213\" width=\"513\" height=\"386\" srcset=\"https:\/\/ocentrodedianacasa.igualdadebenestar.org\/wp-content\/uploads\/2023\/04\/IMG-20230421-WA0030-1024x771.jpg 1024w, https:\/\/ocentrodedianacasa.igualdadebenestar.org\/wp-content\/uploads\/2023\/04\/IMG-20230421-WA0030-300x226.jpg 300w, https:\/\/ocentrodedianacasa.igualdadebenestar.org\/wp-content\/uploads\/2023\/04\/IMG-20230421-WA0030-768x578.jpg 768w, https:\/\/ocentrodedianacasa.igualdadebenestar.org\/wp-content\/uploads\/2023\/04\/IMG-20230421-WA0030-1536x1157.jpg 1536w, https:\/\/ocentrodedianacasa.igualdadebenestar.org\/wp-content\/uploads\/2023\/04\/IMG-20230421-WA0030.jpg 2040w\" sizes=\"(max-width: 513px) 100vw, 513px\" \/><\/figure><\/div>\n\n\n\n<p>#lecturas adaptadas e inclusivas!!!<\/p>\n\n\n\n<p>#cultura sen idade!!!<\/p>\n ","protected":false},"excerpt":{"rendered":"<p>No CAPM Abad\u00edn realizamos diversas acci\u00f3ns e actividades dentro do proxecto de fomento da lectura, \u201cO Pracer de Ler\u201d, creado hai tres anos e a trav\u00e9s do cal promocionamos e <a class=\"more-link\" href=\"https:\/\/ocentrodedianacasa.igualdadebenestar.org\/?p=4209\">Continue Reading &rarr;<\/a><\/p>\n","protected":false},"author":5,"featured_media":0,"comment_status":"open","ping_status":"open","sticky":false,"template":"","format":"standard","meta":[],"categories":[44,137,66],"tags":[],"post_mailing_queue_ids":[],"_links":{"self":[{"href":"https:\/\/ocentrodedianacasa.igualdadebenestar.org\/index.php?rest_route=\/wp\/v2\/posts\/4209"}],"collection":[{"href":"https:\/\/ocentrodedianacasa.igualdadebenestar.org\/index.php?rest_route=\/wp\/v2\/posts"}],"about":[{"href":"https:\/\/ocentrodedianacasa.igualdadebenestar.org\/index.php?rest_route=\/wp\/v2\/types\/post"}],"author":[{"embeddable":true,"href":"https:\/\/ocentrodedianacasa.igualdadebenestar.org\/index.php?rest_route=\/wp\/v2\/users\/5"}],"replies":[{"embeddable":true,"href":"https:\/\/ocentrodedianacasa.igualdadebenestar.org\/index.php?rest_route=%2Fwp%2Fv2%2Fcomments&post=4209"}],"version-history":[{"count":3,"href":"https:\/\/ocentrodedianacasa.igualdadebenestar.org\/index.php?rest_route=\/wp\/v2\/posts\/4209\/revisions"}],"predecessor-version":[{"id":4216,"href":"https:\/\/ocentrodedianacasa.igualdadebenestar.org\/index.php?rest_route=\/wp\/v2\/posts\/4209\/revisions\/4216"}],"wp:attachment":[{"href":"https:\/\/ocentrodedianacasa.igualdadebenestar.org\/index.php?rest_route=%2Fwp%2Fv2%2Fmedia&parent=4209"}],"wp:term":[{"taxonomy":"category","embeddable":true,"href":"https:\/\/ocentrodedianacasa.igualdadebenestar.org\/index.php?rest_route=%2Fwp%2Fv2%2Fcategories&post=4209"},{"taxonomy":"post_tag","embeddable":true,"href":"https:\/\/ocentrodedianacasa.igualdadebenestar.org\/index.php?rest_route=%2Fwp%2Fv2%2Ftags&post=4209"}],"curies":[{"name":"wp","href":"https:\/\/api.w.org\/{rel}","templated":true}]}}