{"id":4183,"date":"2023-04-28T00:00:00","date_gmt":"2023-04-27T22:00:00","guid":{"rendered":"https:\/\/ocentrodedianacasa.igualdadebenestar.org\/?p=4183"},"modified":"2023-04-20T12:56:45","modified_gmt":"2023-04-20T10:56:45","slug":"participacion-no-iii-festival-ilustrado","status":"publish","type":"post","link":"https:\/\/ocentrodedianacasa.igualdadebenestar.org\/?p=4183","title":{"rendered":"Participaci\u00f3n no III Festival Ilustrado"},"content":{"rendered":"\n<p>A fin de semana do 14-16 de abril, o Concello de Ferrol celebrou o <strong>III Festival Ilustrado, <\/strong>con un extenso programa de actividades para todas as idades. Con esta celebraci\u00f3n a cidade, retrocedeu ata o S\u00e9culo das Luces. O programa deste ano inclu\u00edu degustaci\u00f3ns, visitas guiadas, pasarr\u00faas, presentaci\u00f3n de libros e o acto de nomeamento de ilustrados do ano.<strong> Este ano o centro de d\u00eda de Ferrol-Caranza foi nomeado \u201c Ilustrado do ano\u201d.<\/strong><\/p>\n\n\n\n<figure class=\"wp-block-image size-large\"><img loading=\"lazy\" width=\"1024\" height=\"447\" src=\"https:\/\/ocentrodedianacasa.igualdadebenestar.org\/wp-content\/uploads\/2023\/04\/Festival_ilustracion_2-1024x447.jpg\" alt=\"\" class=\"wp-image-4185\" srcset=\"https:\/\/ocentrodedianacasa.igualdadebenestar.org\/wp-content\/uploads\/2023\/04\/Festival_ilustracion_2-1024x447.jpg 1024w, https:\/\/ocentrodedianacasa.igualdadebenestar.org\/wp-content\/uploads\/2023\/04\/Festival_ilustracion_2-300x131.jpg 300w, https:\/\/ocentrodedianacasa.igualdadebenestar.org\/wp-content\/uploads\/2023\/04\/Festival_ilustracion_2-768x335.jpg 768w, https:\/\/ocentrodedianacasa.igualdadebenestar.org\/wp-content\/uploads\/2023\/04\/Festival_ilustracion_2-1536x670.jpg 1536w, https:\/\/ocentrodedianacasa.igualdadebenestar.org\/wp-content\/uploads\/2023\/04\/Festival_ilustracion_2.jpg 2040w\" sizes=\"(max-width: 1024px) 100vw, 1024px\" \/><\/figure>\n\n\n\n<p>Para acudir ao festival tivemos un obradoiro de costura no centro de d\u00eda, cunha duraci\u00f3n de catro meses no que participaron as persoas usuarias que as\u00ed o desexaron para a elaboraci\u00f3n de diferentes prendas \u201cilustradas\u201d capas, sombreiros, bolsos, luvas&#8230; co apoio de Beatriz Sieiro ( responsable do vestuario da serie \u201cA Rapa\u201d)<\/p>\n\n\n\n<div class=\"wp-block-image\"><figure class=\"alignleft size-large is-resized\"><img loading=\"lazy\" src=\"https:\/\/ocentrodedianacasa.igualdadebenestar.org\/wp-content\/uploads\/2023\/04\/Festival_ilustracion_1-1024x768.jpg\" alt=\"\" class=\"wp-image-4184\" width=\"412\" height=\"309\" srcset=\"https:\/\/ocentrodedianacasa.igualdadebenestar.org\/wp-content\/uploads\/2023\/04\/Festival_ilustracion_1-1024x768.jpg 1024w, https:\/\/ocentrodedianacasa.igualdadebenestar.org\/wp-content\/uploads\/2023\/04\/Festival_ilustracion_1-300x225.jpg 300w, https:\/\/ocentrodedianacasa.igualdadebenestar.org\/wp-content\/uploads\/2023\/04\/Festival_ilustracion_1-768x576.jpg 768w, https:\/\/ocentrodedianacasa.igualdadebenestar.org\/wp-content\/uploads\/2023\/04\/Festival_ilustracion_1-1536x1152.jpg 1536w, https:\/\/ocentrodedianacasa.igualdadebenestar.org\/wp-content\/uploads\/2023\/04\/Festival_ilustracion_1.jpg 1600w\" sizes=\"(max-width: 412px) 100vw, 412px\" \/><\/figure><\/div>\n\n\n\n<div class=\"wp-block-image\"><figure class=\"aligncenter size-large is-resized\"><img loading=\"lazy\" src=\"https:\/\/ocentrodedianacasa.igualdadebenestar.org\/wp-content\/uploads\/2023\/04\/Festival_ilustracion_6-1024x447.jpg\" alt=\"\" class=\"wp-image-4189\" width=\"436\" height=\"190\" srcset=\"https:\/\/ocentrodedianacasa.igualdadebenestar.org\/wp-content\/uploads\/2023\/04\/Festival_ilustracion_6-1024x447.jpg 1024w, https:\/\/ocentrodedianacasa.igualdadebenestar.org\/wp-content\/uploads\/2023\/04\/Festival_ilustracion_6-300x131.jpg 300w, https:\/\/ocentrodedianacasa.igualdadebenestar.org\/wp-content\/uploads\/2023\/04\/Festival_ilustracion_6-768x335.jpg 768w, https:\/\/ocentrodedianacasa.igualdadebenestar.org\/wp-content\/uploads\/2023\/04\/Festival_ilustracion_6-1536x670.jpg 1536w, https:\/\/ocentrodedianacasa.igualdadebenestar.org\/wp-content\/uploads\/2023\/04\/Festival_ilustracion_6.jpg 2040w\" sizes=\"(max-width: 436px) 100vw, 436px\" \/><\/figure><\/div>\n\n\n\n<p>O luns 17 de abril realizouse unha sa\u00edda no city-tren, tren tur\u00edstico de Ferrol, ata a Praza de Amboaxe para ver o pasarr\u00faas ilustrado dos escolares e participar no festival coas prendas elaboradas polas persoas usuarias. Adem\u00e1is na praza, as persoas usuarias que o desexaron tiveron unha sesi\u00f3n de peiteado e maquillaxe ilustrado a cargo dos alumnos do CIFP Ricardo Carvallo Calero.<\/p>\n\n\n\n<div class=\"wp-block-image\"><figure class=\"alignleft size-large is-resized\"><img loading=\"lazy\" src=\"https:\/\/ocentrodedianacasa.igualdadebenestar.org\/wp-content\/uploads\/2023\/04\/Festival_ilustracion_3-1024x768.jpg\" alt=\"\" class=\"wp-image-4186\" width=\"401\" height=\"301\" srcset=\"https:\/\/ocentrodedianacasa.igualdadebenestar.org\/wp-content\/uploads\/2023\/04\/Festival_ilustracion_3-1024x768.jpg 1024w, https:\/\/ocentrodedianacasa.igualdadebenestar.org\/wp-content\/uploads\/2023\/04\/Festival_ilustracion_3-300x225.jpg 300w, https:\/\/ocentrodedianacasa.igualdadebenestar.org\/wp-content\/uploads\/2023\/04\/Festival_ilustracion_3-768x576.jpg 768w, https:\/\/ocentrodedianacasa.igualdadebenestar.org\/wp-content\/uploads\/2023\/04\/Festival_ilustracion_3-1536x1152.jpg 1536w, https:\/\/ocentrodedianacasa.igualdadebenestar.org\/wp-content\/uploads\/2023\/04\/Festival_ilustracion_3.jpg 1600w\" sizes=\"(max-width: 401px) 100vw, 401px\" \/><\/figure><\/div>\n\n\n\n<figure class=\"wp-block-image size-large is-resized\"><img loading=\"lazy\" src=\"https:\/\/ocentrodedianacasa.igualdadebenestar.org\/wp-content\/uploads\/2023\/04\/Festival_ilustracion_4-1024x768.jpg\" alt=\"\" class=\"wp-image-4187\" width=\"388\" height=\"291\" srcset=\"https:\/\/ocentrodedianacasa.igualdadebenestar.org\/wp-content\/uploads\/2023\/04\/Festival_ilustracion_4-1024x768.jpg 1024w, https:\/\/ocentrodedianacasa.igualdadebenestar.org\/wp-content\/uploads\/2023\/04\/Festival_ilustracion_4-300x225.jpg 300w, https:\/\/ocentrodedianacasa.igualdadebenestar.org\/wp-content\/uploads\/2023\/04\/Festival_ilustracion_4-768x576.jpg 768w, https:\/\/ocentrodedianacasa.igualdadebenestar.org\/wp-content\/uploads\/2023\/04\/Festival_ilustracion_4-1536x1152.jpg 1536w, https:\/\/ocentrodedianacasa.igualdadebenestar.org\/wp-content\/uploads\/2023\/04\/Festival_ilustracion_4.jpg 1600w\" sizes=\"(max-width: 388px) 100vw, 388px\" \/><\/figure>\n\n\n\n<div class=\"wp-block-image\"><figure class=\"aligncenter size-large is-resized\"><img loading=\"lazy\" src=\"https:\/\/ocentrodedianacasa.igualdadebenestar.org\/wp-content\/uploads\/2023\/04\/Festival_ilustracion_5-447x1024.jpg\" alt=\"\" class=\"wp-image-4188\" width=\"235\" height=\"539\" srcset=\"https:\/\/ocentrodedianacasa.igualdadebenestar.org\/wp-content\/uploads\/2023\/04\/Festival_ilustracion_5-447x1024.jpg 447w, https:\/\/ocentrodedianacasa.igualdadebenestar.org\/wp-content\/uploads\/2023\/04\/Festival_ilustracion_5-131x300.jpg 131w, https:\/\/ocentrodedianacasa.igualdadebenestar.org\/wp-content\/uploads\/2023\/04\/Festival_ilustracion_5-670x1536.jpg 670w, https:\/\/ocentrodedianacasa.igualdadebenestar.org\/wp-content\/uploads\/2023\/04\/Festival_ilustracion_5.jpg 698w\" sizes=\"(max-width: 235px) 100vw, 235px\" \/><\/figure><\/div>\n ","protected":false},"excerpt":{"rendered":"<p>A fin de semana do 14-16 de abril, o Concello de Ferrol celebrou o III Festival Ilustrado, con un extenso programa de actividades para todas as idades. Con esta celebraci\u00f3n <a class=\"more-link\" href=\"https:\/\/ocentrodedianacasa.igualdadebenestar.org\/?p=4183\">Continue Reading &rarr;<\/a><\/p>\n","protected":false},"author":5,"featured_media":0,"comment_status":"open","ping_status":"open","sticky":false,"template":"","format":"standard","meta":[],"categories":[20,44,135,66],"tags":[],"post_mailing_queue_ids":[],"_links":{"self":[{"href":"https:\/\/ocentrodedianacasa.igualdadebenestar.org\/index.php?rest_route=\/wp\/v2\/posts\/4183"}],"collection":[{"href":"https:\/\/ocentrodedianacasa.igualdadebenestar.org\/index.php?rest_route=\/wp\/v2\/posts"}],"about":[{"href":"https:\/\/ocentrodedianacasa.igualdadebenestar.org\/index.php?rest_route=\/wp\/v2\/types\/post"}],"author":[{"embeddable":true,"href":"https:\/\/ocentrodedianacasa.igualdadebenestar.org\/index.php?rest_route=\/wp\/v2\/users\/5"}],"replies":[{"embeddable":true,"href":"https:\/\/ocentrodedianacasa.igualdadebenestar.org\/index.php?rest_route=%2Fwp%2Fv2%2Fcomments&post=4183"}],"version-history":[{"count":1,"href":"https:\/\/ocentrodedianacasa.igualdadebenestar.org\/index.php?rest_route=\/wp\/v2\/posts\/4183\/revisions"}],"predecessor-version":[{"id":4190,"href":"https:\/\/ocentrodedianacasa.igualdadebenestar.org\/index.php?rest_route=\/wp\/v2\/posts\/4183\/revisions\/4190"}],"wp:attachment":[{"href":"https:\/\/ocentrodedianacasa.igualdadebenestar.org\/index.php?rest_route=%2Fwp%2Fv2%2Fmedia&parent=4183"}],"wp:term":[{"taxonomy":"category","embeddable":true,"href":"https:\/\/ocentrodedianacasa.igualdadebenestar.org\/index.php?rest_route=%2Fwp%2Fv2%2Fcategories&post=4183"},{"taxonomy":"post_tag","embeddable":true,"href":"https:\/\/ocentrodedianacasa.igualdadebenestar.org\/index.php?rest_route=%2Fwp%2Fv2%2Ftags&post=4183"}],"curies":[{"name":"wp","href":"https:\/\/api.w.org\/{rel}","templated":true}]}}