{"id":4173,"date":"2023-04-28T10:46:00","date_gmt":"2023-04-28T08:46:00","guid":{"rendered":"https:\/\/ocentrodedianacasa.igualdadebenestar.org\/?p=4173"},"modified":"2023-04-18T10:51:04","modified_gmt":"2023-04-18T08:51:04","slug":"visita-a-fabrica-de-bonilla-dende-o-centro-de-dia-de-culleredo","status":"publish","type":"post","link":"https:\/\/ocentrodedianacasa.igualdadebenestar.org\/?p=4173","title":{"rendered":"VISITA A F\u00c1BRICA DE BONILLA DENDE O CENTRO DE D\u00cdA DE CULLEREDO"},"content":{"rendered":"\n<p>Non todo o mundo pode presumir de co\u00f1ecer de cerca o proceso de produci\u00f3n dun produto local como son as patacas fritas Bonilla, pero n\u00f3s si!<\/p>\n\n\n\n<p>O Centro de D\u00eda de Culleredo visitou as instalaci\u00f3ns onde se elabora este produto, o que nos permitiu pasalo en grande, curiosear e ter unha experiencia diferente.<\/p>\n\n\n\n<p>Por si fora pouco, o final da visita fix\u00e9ronnos un agasallo que nos encantou!<\/p>\n\n\n\n<p>Grazas a todo o persoal pola atenci\u00f3n.<\/p>\n\n\n\n<p>ATA A PR\u00d3XIMA!<\/p>\n\n\n\n<figure class=\"wp-block-gallery columns-1 is-cropped\"><ul class=\"blocks-gallery-grid\"><li class=\"blocks-gallery-item\"><figure><img loading=\"lazy\" width=\"793\" height=\"555\" src=\"https:\/\/ocentrodedianacasa.igualdadebenestar.org\/wp-content\/uploads\/2023\/04\/Captura-de-pantalla_2023-04-18_10-49-15.png\" alt=\"\" data-id=\"4174\" data-full-url=\"https:\/\/ocentrodedianacasa.igualdadebenestar.org\/wp-content\/uploads\/2023\/04\/Captura-de-pantalla_2023-04-18_10-49-15.png\" data-link=\"https:\/\/ocentrodedianacasa.igualdadebenestar.org\/?attachment_id=4174\" class=\"wp-image-4174\" srcset=\"https:\/\/ocentrodedianacasa.igualdadebenestar.org\/wp-content\/uploads\/2023\/04\/Captura-de-pantalla_2023-04-18_10-49-15.png 793w, https:\/\/ocentrodedianacasa.igualdadebenestar.org\/wp-content\/uploads\/2023\/04\/Captura-de-pantalla_2023-04-18_10-49-15-300x210.png 300w, https:\/\/ocentrodedianacasa.igualdadebenestar.org\/wp-content\/uploads\/2023\/04\/Captura-de-pantalla_2023-04-18_10-49-15-768x538.png 768w\" sizes=\"(max-width: 793px) 100vw, 793px\" \/><\/figure><\/li><\/ul><\/figure>\n ","protected":false},"excerpt":{"rendered":"<p>Non todo o mundo pode presumir de co\u00f1ecer de cerca o proceso de produci\u00f3n dun produto local como son as patacas fritas Bonilla, pero n\u00f3s si! O Centro de D\u00eda <a class=\"more-link\" href=\"https:\/\/ocentrodedianacasa.igualdadebenestar.org\/?p=4173\">Continue Reading &rarr;<\/a><\/p>\n","protected":false},"author":3,"featured_media":0,"comment_status":"open","ping_status":"open","sticky":false,"template":"","format":"standard","meta":[],"categories":[23],"tags":[],"post_mailing_queue_ids":[],"_links":{"self":[{"href":"https:\/\/ocentrodedianacasa.igualdadebenestar.org\/index.php?rest_route=\/wp\/v2\/posts\/4173"}],"collection":[{"href":"https:\/\/ocentrodedianacasa.igualdadebenestar.org\/index.php?rest_route=\/wp\/v2\/posts"}],"about":[{"href":"https:\/\/ocentrodedianacasa.igualdadebenestar.org\/index.php?rest_route=\/wp\/v2\/types\/post"}],"author":[{"embeddable":true,"href":"https:\/\/ocentrodedianacasa.igualdadebenestar.org\/index.php?rest_route=\/wp\/v2\/users\/3"}],"replies":[{"embeddable":true,"href":"https:\/\/ocentrodedianacasa.igualdadebenestar.org\/index.php?rest_route=%2Fwp%2Fv2%2Fcomments&post=4173"}],"version-history":[{"count":1,"href":"https:\/\/ocentrodedianacasa.igualdadebenestar.org\/index.php?rest_route=\/wp\/v2\/posts\/4173\/revisions"}],"predecessor-version":[{"id":4175,"href":"https:\/\/ocentrodedianacasa.igualdadebenestar.org\/index.php?rest_route=\/wp\/v2\/posts\/4173\/revisions\/4175"}],"wp:attachment":[{"href":"https:\/\/ocentrodedianacasa.igualdadebenestar.org\/index.php?rest_route=%2Fwp%2Fv2%2Fmedia&parent=4173"}],"wp:term":[{"taxonomy":"category","embeddable":true,"href":"https:\/\/ocentrodedianacasa.igualdadebenestar.org\/index.php?rest_route=%2Fwp%2Fv2%2Fcategories&post=4173"},{"taxonomy":"post_tag","embeddable":true,"href":"https:\/\/ocentrodedianacasa.igualdadebenestar.org\/index.php?rest_route=%2Fwp%2Fv2%2Ftags&post=4173"}],"curies":[{"name":"wp","href":"https:\/\/api.w.org\/{rel}","templated":true}]}}