{"id":4168,"date":"2023-04-28T10:23:00","date_gmt":"2023-04-28T08:23:00","guid":{"rendered":"https:\/\/ocentrodedianacasa.igualdadebenestar.org\/?p=4168"},"modified":"2023-04-18T10:46:08","modified_gmt":"2023-04-18T08:46:08","slug":"visita-virtual-dende-o-camp-de-arteixo","status":"publish","type":"post","link":"https:\/\/ocentrodedianacasa.igualdadebenestar.org\/?p=4168","title":{"rendered":"VISITA VIRTUAL DENDE O CAMP DE ARTEIXO"},"content":{"rendered":"\n<p>Visitamos o Museo en Movemento, que \u00e9 un proxecto cultural destinado a colectivos de diversidade. A trav\u00e9s dunhas gafas de realidade virtual, fixemos un recorrido polo museo de Belas Artes da Coru\u00f1a, inclu\u00eddo a sala de recepci\u00f3n, restauraci\u00f3n, catalogaci\u00f3n e as diferentes salas do propio museo. Ademais recibimos unha explicaci\u00f3n durante o recorrido que ten unha duraci\u00f3n total de 20 minutos, desfrutamos de  diferentes obras agradables e extraordinarias. Foi unha gran experiencia para n\u00f3s poder achegarnos a comunidade a trav\u00e9s das novas tecnolox\u00edas, xa que alg\u00fans de nos a\u00ednda non ti\u00f1amos probado nunca estas gafas. Pero como o refr\u00e1n di: nunca te deitar\u00e1s sen aprender unha cousas mais.<\/p>\n\n\n\n<figure class=\"wp-block-image\"><img alt=\"\"\/><\/figure>\n\n\n\n<figure class=\"wp-block-gallery columns-3 is-cropped\"><ul class=\"blocks-gallery-grid\"><li class=\"blocks-gallery-item\"><figure><img loading=\"lazy\" width=\"768\" height=\"1024\" src=\"https:\/\/ocentrodedianacasa.igualdadebenestar.org\/wp-content\/uploads\/2023\/04\/WhatsApp-Image-2023-04-14-at-12.04.20-768x1024.jpeg\" alt=\"\" data-id=\"4171\" data-full-url=\"https:\/\/ocentrodedianacasa.igualdadebenestar.org\/wp-content\/uploads\/2023\/04\/WhatsApp-Image-2023-04-14-at-12.04.20.jpeg\" data-link=\"https:\/\/ocentrodedianacasa.igualdadebenestar.org\/?attachment_id=4171\" class=\"wp-image-4171\" srcset=\"https:\/\/ocentrodedianacasa.igualdadebenestar.org\/wp-content\/uploads\/2023\/04\/WhatsApp-Image-2023-04-14-at-12.04.20-768x1024.jpeg 768w, https:\/\/ocentrodedianacasa.igualdadebenestar.org\/wp-content\/uploads\/2023\/04\/WhatsApp-Image-2023-04-14-at-12.04.20-225x300.jpeg 225w, https:\/\/ocentrodedianacasa.igualdadebenestar.org\/wp-content\/uploads\/2023\/04\/WhatsApp-Image-2023-04-14-at-12.04.20-1152x1536.jpeg 1152w, https:\/\/ocentrodedianacasa.igualdadebenestar.org\/wp-content\/uploads\/2023\/04\/WhatsApp-Image-2023-04-14-at-12.04.20.jpeg 1200w\" sizes=\"(max-width: 768px) 100vw, 768px\" \/><\/figure><\/li><li class=\"blocks-gallery-item\"><figure><img loading=\"lazy\" width=\"768\" height=\"1024\" src=\"https:\/\/ocentrodedianacasa.igualdadebenestar.org\/wp-content\/uploads\/2023\/04\/WhatsApp-Image-2023-04-14-at-12.04.19-768x1024.jpeg\" alt=\"\" data-id=\"4170\" data-full-url=\"https:\/\/ocentrodedianacasa.igualdadebenestar.org\/wp-content\/uploads\/2023\/04\/WhatsApp-Image-2023-04-14-at-12.04.19.jpeg\" data-link=\"https:\/\/ocentrodedianacasa.igualdadebenestar.org\/?attachment_id=4170\" class=\"wp-image-4170\" srcset=\"https:\/\/ocentrodedianacasa.igualdadebenestar.org\/wp-content\/uploads\/2023\/04\/WhatsApp-Image-2023-04-14-at-12.04.19-768x1024.jpeg 768w, https:\/\/ocentrodedianacasa.igualdadebenestar.org\/wp-content\/uploads\/2023\/04\/WhatsApp-Image-2023-04-14-at-12.04.19-225x300.jpeg 225w, https:\/\/ocentrodedianacasa.igualdadebenestar.org\/wp-content\/uploads\/2023\/04\/WhatsApp-Image-2023-04-14-at-12.04.19-1152x1536.jpeg 1152w, https:\/\/ocentrodedianacasa.igualdadebenestar.org\/wp-content\/uploads\/2023\/04\/WhatsApp-Image-2023-04-14-at-12.04.19.jpeg 1200w\" sizes=\"(max-width: 768px) 100vw, 768px\" \/><\/figure><\/li><li class=\"blocks-gallery-item\"><figure><img loading=\"lazy\" width=\"768\" height=\"1024\" src=\"https:\/\/ocentrodedianacasa.igualdadebenestar.org\/wp-content\/uploads\/2023\/04\/WhatsApp-Image-2023-04-14-at-12.04.24-768x1024.jpeg\" alt=\"\" data-id=\"4169\" data-full-url=\"https:\/\/ocentrodedianacasa.igualdadebenestar.org\/wp-content\/uploads\/2023\/04\/WhatsApp-Image-2023-04-14-at-12.04.24.jpeg\" data-link=\"https:\/\/ocentrodedianacasa.igualdadebenestar.org\/?attachment_id=4169\" class=\"wp-image-4169\" srcset=\"https:\/\/ocentrodedianacasa.igualdadebenestar.org\/wp-content\/uploads\/2023\/04\/WhatsApp-Image-2023-04-14-at-12.04.24-768x1024.jpeg 768w, https:\/\/ocentrodedianacasa.igualdadebenestar.org\/wp-content\/uploads\/2023\/04\/WhatsApp-Image-2023-04-14-at-12.04.24-225x300.jpeg 225w, https:\/\/ocentrodedianacasa.igualdadebenestar.org\/wp-content\/uploads\/2023\/04\/WhatsApp-Image-2023-04-14-at-12.04.24-1152x1536.jpeg 1152w, https:\/\/ocentrodedianacasa.igualdadebenestar.org\/wp-content\/uploads\/2023\/04\/WhatsApp-Image-2023-04-14-at-12.04.24.jpeg 1200w\" sizes=\"(max-width: 768px) 100vw, 768px\" \/><\/figure><\/li><\/ul><\/figure>\n ","protected":false},"excerpt":{"rendered":"<p>Visitamos o Museo en Movemento, que \u00e9 un proxecto cultural destinado a colectivos de diversidade. A trav\u00e9s dunhas gafas de realidade virtual, fixemos un recorrido polo museo de Belas Artes <a class=\"more-link\" href=\"https:\/\/ocentrodedianacasa.igualdadebenestar.org\/?p=4168\">Continue Reading &rarr;<\/a><\/p>\n","protected":false},"author":3,"featured_media":0,"comment_status":"open","ping_status":"open","sticky":false,"template":"","format":"standard","meta":[],"categories":[22],"tags":[],"post_mailing_queue_ids":[],"_links":{"self":[{"href":"https:\/\/ocentrodedianacasa.igualdadebenestar.org\/index.php?rest_route=\/wp\/v2\/posts\/4168"}],"collection":[{"href":"https:\/\/ocentrodedianacasa.igualdadebenestar.org\/index.php?rest_route=\/wp\/v2\/posts"}],"about":[{"href":"https:\/\/ocentrodedianacasa.igualdadebenestar.org\/index.php?rest_route=\/wp\/v2\/types\/post"}],"author":[{"embeddable":true,"href":"https:\/\/ocentrodedianacasa.igualdadebenestar.org\/index.php?rest_route=\/wp\/v2\/users\/3"}],"replies":[{"embeddable":true,"href":"https:\/\/ocentrodedianacasa.igualdadebenestar.org\/index.php?rest_route=%2Fwp%2Fv2%2Fcomments&post=4168"}],"version-history":[{"count":1,"href":"https:\/\/ocentrodedianacasa.igualdadebenestar.org\/index.php?rest_route=\/wp\/v2\/posts\/4168\/revisions"}],"predecessor-version":[{"id":4172,"href":"https:\/\/ocentrodedianacasa.igualdadebenestar.org\/index.php?rest_route=\/wp\/v2\/posts\/4168\/revisions\/4172"}],"wp:attachment":[{"href":"https:\/\/ocentrodedianacasa.igualdadebenestar.org\/index.php?rest_route=%2Fwp%2Fv2%2Fmedia&parent=4168"}],"wp:term":[{"taxonomy":"category","embeddable":true,"href":"https:\/\/ocentrodedianacasa.igualdadebenestar.org\/index.php?rest_route=%2Fwp%2Fv2%2Fcategories&post=4168"},{"taxonomy":"post_tag","embeddable":true,"href":"https:\/\/ocentrodedianacasa.igualdadebenestar.org\/index.php?rest_route=%2Fwp%2Fv2%2Ftags&post=4168"}],"curies":[{"name":"wp","href":"https:\/\/api.w.org\/{rel}","templated":true}]}}