{"id":4165,"date":"2023-04-28T10:19:00","date_gmt":"2023-04-28T08:19:00","guid":{"rendered":"https:\/\/ocentrodedianacasa.igualdadebenestar.org\/?p=4165"},"modified":"2023-04-18T10:22:35","modified_gmt":"2023-04-18T08:22:35","slug":"saida-o-mercado-da-estrada-dende-o-centro-de-dia-de-cuntis","status":"publish","type":"post","link":"https:\/\/ocentrodedianacasa.igualdadebenestar.org\/?p=4165","title":{"rendered":"SA\u00cdDA O MERCADO DA ESTRADA DENDE O CENTRO DE D\u00cdA DE CUNTIS"},"content":{"rendered":"\n<p>O m\u00e9rcores 12 de Abril acudimos ao Mercado da Estrada que se leva a cabo todos os m\u00e9rcores de mes e a pesar de non ser o mercado do noso pobo, poder realizar este tipo de actividades no exterior, ax\u00fadanos a sa\u00edr un pouco da organizaci\u00f3n das tarefas diarias do CAPM.<\/p>\n\n\n\n<p>As sa\u00eddas aos mercados son unha boa oportunidade para que as persoas  se relacionen entre eles nun ambiente m\u00e1is distendido e de ocio, te\u00f1an novas experiencias e mante\u00f1an o contacto co seu entorno.<\/p>\n\n\n\n<p>Dende unha visi\u00f3n terap\u00e9utica aportan beneficios a nivel f\u00edsico, psicol\u00f3xico e social.<\/p>\n\n\n\n<p>Aqu\u00ed vos deixamos unhas fotos!<\/p>\n\n\n\n<figure class=\"wp-block-image size-large\"><img loading=\"lazy\" width=\"1024\" height=\"819\" src=\"https:\/\/ocentrodedianacasa.igualdadebenestar.org\/wp-content\/uploads\/2023\/04\/Mercado-da-Estrada-1024x819.jpg\" alt=\"\" class=\"wp-image-4166\" srcset=\"https:\/\/ocentrodedianacasa.igualdadebenestar.org\/wp-content\/uploads\/2023\/04\/Mercado-da-Estrada-1024x819.jpg 1024w, https:\/\/ocentrodedianacasa.igualdadebenestar.org\/wp-content\/uploads\/2023\/04\/Mercado-da-Estrada-300x240.jpg 300w, https:\/\/ocentrodedianacasa.igualdadebenestar.org\/wp-content\/uploads\/2023\/04\/Mercado-da-Estrada-768x614.jpg 768w, https:\/\/ocentrodedianacasa.igualdadebenestar.org\/wp-content\/uploads\/2023\/04\/Mercado-da-Estrada-1536x1229.jpg 1536w, https:\/\/ocentrodedianacasa.igualdadebenestar.org\/wp-content\/uploads\/2023\/04\/Mercado-da-Estrada.jpg 2000w\" sizes=\"(max-width: 1024px) 100vw, 1024px\" \/><\/figure>\n ","protected":false},"excerpt":{"rendered":"<p>O m\u00e9rcores 12 de Abril acudimos ao Mercado da Estrada que se leva a cabo todos os m\u00e9rcores de mes e a pesar de non ser o mercado do noso <a class=\"more-link\" href=\"https:\/\/ocentrodedianacasa.igualdadebenestar.org\/?p=4165\">Continue Reading &rarr;<\/a><\/p>\n","protected":false},"author":3,"featured_media":0,"comment_status":"open","ping_status":"open","sticky":false,"template":"","format":"standard","meta":[],"categories":[23],"tags":[],"post_mailing_queue_ids":[],"_links":{"self":[{"href":"https:\/\/ocentrodedianacasa.igualdadebenestar.org\/index.php?rest_route=\/wp\/v2\/posts\/4165"}],"collection":[{"href":"https:\/\/ocentrodedianacasa.igualdadebenestar.org\/index.php?rest_route=\/wp\/v2\/posts"}],"about":[{"href":"https:\/\/ocentrodedianacasa.igualdadebenestar.org\/index.php?rest_route=\/wp\/v2\/types\/post"}],"author":[{"embeddable":true,"href":"https:\/\/ocentrodedianacasa.igualdadebenestar.org\/index.php?rest_route=\/wp\/v2\/users\/3"}],"replies":[{"embeddable":true,"href":"https:\/\/ocentrodedianacasa.igualdadebenestar.org\/index.php?rest_route=%2Fwp%2Fv2%2Fcomments&post=4165"}],"version-history":[{"count":1,"href":"https:\/\/ocentrodedianacasa.igualdadebenestar.org\/index.php?rest_route=\/wp\/v2\/posts\/4165\/revisions"}],"predecessor-version":[{"id":4167,"href":"https:\/\/ocentrodedianacasa.igualdadebenestar.org\/index.php?rest_route=\/wp\/v2\/posts\/4165\/revisions\/4167"}],"wp:attachment":[{"href":"https:\/\/ocentrodedianacasa.igualdadebenestar.org\/index.php?rest_route=%2Fwp%2Fv2%2Fmedia&parent=4165"}],"wp:term":[{"taxonomy":"category","embeddable":true,"href":"https:\/\/ocentrodedianacasa.igualdadebenestar.org\/index.php?rest_route=%2Fwp%2Fv2%2Fcategories&post=4165"},{"taxonomy":"post_tag","embeddable":true,"href":"https:\/\/ocentrodedianacasa.igualdadebenestar.org\/index.php?rest_route=%2Fwp%2Fv2%2Ftags&post=4165"}],"curies":[{"name":"wp","href":"https:\/\/api.w.org\/{rel}","templated":true}]}}