{"id":4133,"date":"2023-03-31T13:27:00","date_gmt":"2023-03-31T11:27:00","guid":{"rendered":"https:\/\/ocentrodedianacasa.igualdadebenestar.org\/?p=4133"},"modified":"2023-03-30T12:31:51","modified_gmt":"2023-03-30T10:31:51","slug":"celebracion-dia-da-cor-dende-o-camp-de-san-sadurnino","status":"publish","type":"post","link":"https:\/\/ocentrodedianacasa.igualdadebenestar.org\/?p=4133","title":{"rendered":"CELEBRACI\u00d3N \u201cD\u00cdA DA COR\u201d DENDE O CAMP DE SAN SADURNI\u00d1O"},"content":{"rendered":"\n<p>O 21 de marzo celebrase o d\u00eda internacional da cor, isto debese a que este d\u00eda se xeran os equinoccios, fen\u00f3meno mediante o cal o d\u00eda e a noite te\u00f1en a mesma duraci\u00f3n, simbolizando a claridade e a escuridade, a luz e a sombra. As\u00ed mesmo, nesta data se inicia a primavera no hemisferio norte e comeza o outono no hemisferio sur, consideradas as estaci\u00f3ns mais coloridas do ano.<\/p>\n\n\n\n<p>Todo o que nos rodea est\u00e1 composto por cores de t\u00f3dalas clases e tonalidades, o que nos proporciona unha imaxe ou percepci\u00f3n visual das cousas ao noso arredor. As cores infl\u00faen notablemente sobre as nosas emoci\u00f3ns, actitudes e comportamentos.<\/p>\n\n\n\n<p>Para celebrar este d\u00eda dec\u00eddese realizar un encontro coa EIM A Rolada e recibir a visita dos nen@s co fin de levar a cabo unha actividade conxunta coas persoas maiores relacionadas con este d\u00eda especial. A actividade plantexouse a trav\u00e9s da plantel individual da silueta dunha \u00e1rbore, colocada nunha estrutura de cart\u00f3n, e unha serie de temperas de diferentes cores para que cada persoa usuaria e cada nen@ a trav\u00e9s da interacci\u00f3n conxunta puidesen expresar libremente a s\u00faa creatividade, empregando os dedos para dar colorido a esa \u00e1rbore coas cores que mais lles gusten e agraden.<\/p>\n\n\n\n<p>A actividade tivo unha moi boa acollida tanto para as persoas usuarias como para os nen@s. As persoas usuarias recibiron de moi bo agrado a visita dos nen@s, senten predilecci\u00f3n por eles e traen alegr\u00eda e diversi\u00f3n.<\/p>\n\n\n\n<p>Tanto persoas usuarias e nen@s foron colocados en mesas para a realizaci\u00f3n da actividade de tal maneira que pod\u00edan interactuar e axudarse uns aos outros compartindo unha mesma actividade, con idades totalmente distintas, pero moi gratificante para ambos grupos.<\/p>\n\n\n\n<figure class=\"wp-block-image size-large\"><img loading=\"lazy\" width=\"1024\" height=\"461\" src=\"https:\/\/ocentrodedianacasa.igualdadebenestar.org\/wp-content\/uploads\/2023\/03\/COLLAGE-2-1024x461.jpeg\" alt=\"\" class=\"wp-image-4135\" srcset=\"https:\/\/ocentrodedianacasa.igualdadebenestar.org\/wp-content\/uploads\/2023\/03\/COLLAGE-2-1024x461.jpeg 1024w, https:\/\/ocentrodedianacasa.igualdadebenestar.org\/wp-content\/uploads\/2023\/03\/COLLAGE-2-300x135.jpeg 300w, https:\/\/ocentrodedianacasa.igualdadebenestar.org\/wp-content\/uploads\/2023\/03\/COLLAGE-2-768x346.jpeg 768w, https:\/\/ocentrodedianacasa.igualdadebenestar.org\/wp-content\/uploads\/2023\/03\/COLLAGE-2-1536x691.jpeg 1536w, https:\/\/ocentrodedianacasa.igualdadebenestar.org\/wp-content\/uploads\/2023\/03\/COLLAGE-2.jpeg 1600w\" sizes=\"(max-width: 1024px) 100vw, 1024px\" \/><\/figure>\n\n\n\n<figure class=\"wp-block-image size-large\"><img loading=\"lazy\" width=\"1024\" height=\"1024\" src=\"https:\/\/ocentrodedianacasa.igualdadebenestar.org\/wp-content\/uploads\/2023\/03\/COLLAGE-1024x1024.jpg\" alt=\"\" class=\"wp-image-4134\" srcset=\"https:\/\/ocentrodedianacasa.igualdadebenestar.org\/wp-content\/uploads\/2023\/03\/COLLAGE-1024x1024.jpg 1024w, https:\/\/ocentrodedianacasa.igualdadebenestar.org\/wp-content\/uploads\/2023\/03\/COLLAGE-300x300.jpg 300w, https:\/\/ocentrodedianacasa.igualdadebenestar.org\/wp-content\/uploads\/2023\/03\/COLLAGE-150x150.jpg 150w, https:\/\/ocentrodedianacasa.igualdadebenestar.org\/wp-content\/uploads\/2023\/03\/COLLAGE-768x768.jpg 768w, https:\/\/ocentrodedianacasa.igualdadebenestar.org\/wp-content\/uploads\/2023\/03\/COLLAGE-1536x1536.jpg 1536w, https:\/\/ocentrodedianacasa.igualdadebenestar.org\/wp-content\/uploads\/2023\/03\/COLLAGE.jpg 2047w\" sizes=\"(max-width: 1024px) 100vw, 1024px\" \/><\/figure>\n ","protected":false},"excerpt":{"rendered":"<p>O 21 de marzo celebrase o d\u00eda internacional da cor, isto debese a que este d\u00eda se xeran os equinoccios, fen\u00f3meno mediante o cal o d\u00eda e a noite te\u00f1en <a class=\"more-link\" href=\"https:\/\/ocentrodedianacasa.igualdadebenestar.org\/?p=4133\">Continue Reading &rarr;<\/a><\/p>\n","protected":false},"author":3,"featured_media":0,"comment_status":"open","ping_status":"open","sticky":false,"template":"","format":"standard","meta":[],"categories":[44],"tags":[],"post_mailing_queue_ids":[],"_links":{"self":[{"href":"https:\/\/ocentrodedianacasa.igualdadebenestar.org\/index.php?rest_route=\/wp\/v2\/posts\/4133"}],"collection":[{"href":"https:\/\/ocentrodedianacasa.igualdadebenestar.org\/index.php?rest_route=\/wp\/v2\/posts"}],"about":[{"href":"https:\/\/ocentrodedianacasa.igualdadebenestar.org\/index.php?rest_route=\/wp\/v2\/types\/post"}],"author":[{"embeddable":true,"href":"https:\/\/ocentrodedianacasa.igualdadebenestar.org\/index.php?rest_route=\/wp\/v2\/users\/3"}],"replies":[{"embeddable":true,"href":"https:\/\/ocentrodedianacasa.igualdadebenestar.org\/index.php?rest_route=%2Fwp%2Fv2%2Fcomments&post=4133"}],"version-history":[{"count":1,"href":"https:\/\/ocentrodedianacasa.igualdadebenestar.org\/index.php?rest_route=\/wp\/v2\/posts\/4133\/revisions"}],"predecessor-version":[{"id":4136,"href":"https:\/\/ocentrodedianacasa.igualdadebenestar.org\/index.php?rest_route=\/wp\/v2\/posts\/4133\/revisions\/4136"}],"wp:attachment":[{"href":"https:\/\/ocentrodedianacasa.igualdadebenestar.org\/index.php?rest_route=%2Fwp%2Fv2%2Fmedia&parent=4133"}],"wp:term":[{"taxonomy":"category","embeddable":true,"href":"https:\/\/ocentrodedianacasa.igualdadebenestar.org\/index.php?rest_route=%2Fwp%2Fv2%2Fcategories&post=4133"},{"taxonomy":"post_tag","embeddable":true,"href":"https:\/\/ocentrodedianacasa.igualdadebenestar.org\/index.php?rest_route=%2Fwp%2Fv2%2Ftags&post=4133"}],"curies":[{"name":"wp","href":"https:\/\/api.w.org\/{rel}","templated":true}]}}