{"id":4107,"date":"2023-03-08T12:39:00","date_gmt":"2023-03-08T11:39:00","guid":{"rendered":"https:\/\/ocentrodedianacasa.igualdadebenestar.org\/?p=4107"},"modified":"2023-03-24T12:44:31","modified_gmt":"2023-03-24T11:44:31","slug":"celebracion-dia-da-muller-dende-o-centro-de-dia-de-sansadurnino","status":"publish","type":"post","link":"https:\/\/ocentrodedianacasa.igualdadebenestar.org\/?p=4107","title":{"rendered":"CELEBRACI\u00d3N \u201cD\u00cdA DA MULLER\u201d DENDE O CENTRO DE D\u00cdA DE SANSADURNI\u00d1O"},"content":{"rendered":"\n<p><\/p>\n\n\n\n<p>O 8 de marzo conmemorase o d\u00eda da muller en todo o mundo, este d\u00eda ven a rememorar a loita das mulleres polo reco\u00f1ecemento e exercicio efectivo dos seus dereitos. Un d\u00eda para reflexionar sobre como se avanzou como resultado da loita das mulleres e tam\u00e9n para non esquecer que a loita debe seguir.<\/p>\n\n\n\n<p>No centro co fin de promover o empoderamento das mulleres, reflexionar sobre a importancia deste d\u00eda, recordar \u00e1s mulleres que para as persoas usuarias\/profesionais foron importantes e por qu\u00e9 motivo o foron levouse a cabo unha actividade que consist\u00eda na creaci\u00f3n dun mural coa figura dunha muller representativa deste d\u00eda e, todos aqueles\/as animados\/as a participar, deb\u00edan escribir nun papel unha dedicatoria a aquela muller que para eles\/elas significou un fito na s\u00faa vida (pola s\u00faa loita, pola s\u00faa dedicaci\u00f3n, polo seu traballo,\u2026).<\/p>\n\n\n\n<p>A idea da figura da muller foi vestila con bolboretas, as bolboretas representan un s\u00edmbolo de transformaci\u00f3n constante, son sin\u00f3nimo de perseveranza que se reflexa nos miles de quil\u00f3metros que recorren ata que logran a s\u00faa meta.<\/p>\n\n\n\n<p>As\u00ed mesmo, como s\u00edmbolo para conmemorar este d\u00eda, confeccion\u00e1ronse broches de flores para levar colgados durante dito d\u00eda e como agasallo a todas as mulleres do centro.<\/p>\n\n\n\n<p>Existiu unha boa participaci\u00f3n por parte tanto de persoas usuarias como profesionais. Participaron activamente os d\u00edas previos \u00e1 celebraci\u00f3n para a realizaci\u00f3n dos broches e do mural coa figura da muller representativa deste d\u00eda e para encher o mesmo con frases\/dedicatorias significativas e especiais neste d\u00eda para aquela e aquelas mulleres que eles\/elas decidiron.<\/p>\n\n\n\n<figure class=\"wp-block-image size-large\"><img loading=\"lazy\" width=\"1024\" height=\"1024\" src=\"https:\/\/ocentrodedianacasa.igualdadebenestar.org\/wp-content\/uploads\/2023\/03\/COLLAGE-1-1024x1024.jpg\" alt=\"\" class=\"wp-image-4108\" srcset=\"https:\/\/ocentrodedianacasa.igualdadebenestar.org\/wp-content\/uploads\/2023\/03\/COLLAGE-1-1024x1024.jpg 1024w, https:\/\/ocentrodedianacasa.igualdadebenestar.org\/wp-content\/uploads\/2023\/03\/COLLAGE-1-300x300.jpg 300w, https:\/\/ocentrodedianacasa.igualdadebenestar.org\/wp-content\/uploads\/2023\/03\/COLLAGE-1-150x150.jpg 150w, https:\/\/ocentrodedianacasa.igualdadebenestar.org\/wp-content\/uploads\/2023\/03\/COLLAGE-1-768x768.jpg 768w, https:\/\/ocentrodedianacasa.igualdadebenestar.org\/wp-content\/uploads\/2023\/03\/COLLAGE-1-1536x1536.jpg 1536w, https:\/\/ocentrodedianacasa.igualdadebenestar.org\/wp-content\/uploads\/2023\/03\/COLLAGE-1.jpg 1661w\" sizes=\"(max-width: 1024px) 100vw, 1024px\" \/><\/figure>\n\n\n\n<figure class=\"wp-block-gallery columns-3 is-cropped\"><ul class=\"blocks-gallery-grid\"><li class=\"blocks-gallery-item\"><figure><img loading=\"lazy\" width=\"1024\" height=\"1024\" src=\"https:\/\/ocentrodedianacasa.igualdadebenestar.org\/wp-content\/uploads\/2023\/03\/COLLAGE-4-1024x1024.jpg\" alt=\"\" data-id=\"4109\" data-full-url=\"https:\/\/ocentrodedianacasa.igualdadebenestar.org\/wp-content\/uploads\/2023\/03\/COLLAGE-4.jpg\" data-link=\"https:\/\/ocentrodedianacasa.igualdadebenestar.org\/?attachment_id=4109\" class=\"wp-image-4109\" srcset=\"https:\/\/ocentrodedianacasa.igualdadebenestar.org\/wp-content\/uploads\/2023\/03\/COLLAGE-4-1024x1024.jpg 1024w, https:\/\/ocentrodedianacasa.igualdadebenestar.org\/wp-content\/uploads\/2023\/03\/COLLAGE-4-300x300.jpg 300w, https:\/\/ocentrodedianacasa.igualdadebenestar.org\/wp-content\/uploads\/2023\/03\/COLLAGE-4-150x150.jpg 150w, https:\/\/ocentrodedianacasa.igualdadebenestar.org\/wp-content\/uploads\/2023\/03\/COLLAGE-4-768x768.jpg 768w, https:\/\/ocentrodedianacasa.igualdadebenestar.org\/wp-content\/uploads\/2023\/03\/COLLAGE-4-1536x1536.jpg 1536w, https:\/\/ocentrodedianacasa.igualdadebenestar.org\/wp-content\/uploads\/2023\/03\/COLLAGE-4.jpg 2047w\" sizes=\"(max-width: 1024px) 100vw, 1024px\" \/><\/figure><\/li><li class=\"blocks-gallery-item\"><figure><img loading=\"lazy\" width=\"1024\" height=\"1024\" src=\"https:\/\/ocentrodedianacasa.igualdadebenestar.org\/wp-content\/uploads\/2023\/03\/COLLAGE-2-1024x1024.jpg\" alt=\"\" data-id=\"4110\" data-full-url=\"https:\/\/ocentrodedianacasa.igualdadebenestar.org\/wp-content\/uploads\/2023\/03\/COLLAGE-2.jpg\" data-link=\"https:\/\/ocentrodedianacasa.igualdadebenestar.org\/?attachment_id=4110\" class=\"wp-image-4110\" srcset=\"https:\/\/ocentrodedianacasa.igualdadebenestar.org\/wp-content\/uploads\/2023\/03\/COLLAGE-2-1024x1024.jpg 1024w, https:\/\/ocentrodedianacasa.igualdadebenestar.org\/wp-content\/uploads\/2023\/03\/COLLAGE-2-300x300.jpg 300w, https:\/\/ocentrodedianacasa.igualdadebenestar.org\/wp-content\/uploads\/2023\/03\/COLLAGE-2-150x150.jpg 150w, https:\/\/ocentrodedianacasa.igualdadebenestar.org\/wp-content\/uploads\/2023\/03\/COLLAGE-2-768x768.jpg 768w, https:\/\/ocentrodedianacasa.igualdadebenestar.org\/wp-content\/uploads\/2023\/03\/COLLAGE-2-1536x1536.jpg 1536w, https:\/\/ocentrodedianacasa.igualdadebenestar.org\/wp-content\/uploads\/2023\/03\/COLLAGE-2.jpg 2047w\" sizes=\"(max-width: 1024px) 100vw, 1024px\" \/><\/figure><\/li><li class=\"blocks-gallery-item\"><figure><img loading=\"lazy\" width=\"1024\" height=\"1024\" src=\"https:\/\/ocentrodedianacasa.igualdadebenestar.org\/wp-content\/uploads\/2023\/03\/COLLAGE-3-1024x1024.jpg\" alt=\"\" data-id=\"4111\" data-full-url=\"https:\/\/ocentrodedianacasa.igualdadebenestar.org\/wp-content\/uploads\/2023\/03\/COLLAGE-3.jpg\" data-link=\"https:\/\/ocentrodedianacasa.igualdadebenestar.org\/?attachment_id=4111\" class=\"wp-image-4111\" srcset=\"https:\/\/ocentrodedianacasa.igualdadebenestar.org\/wp-content\/uploads\/2023\/03\/COLLAGE-3-1024x1024.jpg 1024w, https:\/\/ocentrodedianacasa.igualdadebenestar.org\/wp-content\/uploads\/2023\/03\/COLLAGE-3-300x300.jpg 300w, https:\/\/ocentrodedianacasa.igualdadebenestar.org\/wp-content\/uploads\/2023\/03\/COLLAGE-3-150x150.jpg 150w, https:\/\/ocentrodedianacasa.igualdadebenestar.org\/wp-content\/uploads\/2023\/03\/COLLAGE-3-768x768.jpg 768w, https:\/\/ocentrodedianacasa.igualdadebenestar.org\/wp-content\/uploads\/2023\/03\/COLLAGE-3.jpg 1503w\" sizes=\"(max-width: 1024px) 100vw, 1024px\" \/><\/figure><\/li><\/ul><\/figure>\n ","protected":false},"excerpt":{"rendered":"<p>O 8 de marzo conmemorase o d\u00eda da muller en todo o mundo, este d\u00eda ven a rememorar a loita das mulleres polo reco\u00f1ecemento e exercicio efectivo dos seus dereitos. <a class=\"more-link\" href=\"https:\/\/ocentrodedianacasa.igualdadebenestar.org\/?p=4107\">Continue Reading &rarr;<\/a><\/p>\n","protected":false},"author":3,"featured_media":0,"comment_status":"open","ping_status":"open","sticky":false,"template":"","format":"standard","meta":[],"categories":[44],"tags":[],"post_mailing_queue_ids":[],"_links":{"self":[{"href":"https:\/\/ocentrodedianacasa.igualdadebenestar.org\/index.php?rest_route=\/wp\/v2\/posts\/4107"}],"collection":[{"href":"https:\/\/ocentrodedianacasa.igualdadebenestar.org\/index.php?rest_route=\/wp\/v2\/posts"}],"about":[{"href":"https:\/\/ocentrodedianacasa.igualdadebenestar.org\/index.php?rest_route=\/wp\/v2\/types\/post"}],"author":[{"embeddable":true,"href":"https:\/\/ocentrodedianacasa.igualdadebenestar.org\/index.php?rest_route=\/wp\/v2\/users\/3"}],"replies":[{"embeddable":true,"href":"https:\/\/ocentrodedianacasa.igualdadebenestar.org\/index.php?rest_route=%2Fwp%2Fv2%2Fcomments&post=4107"}],"version-history":[{"count":1,"href":"https:\/\/ocentrodedianacasa.igualdadebenestar.org\/index.php?rest_route=\/wp\/v2\/posts\/4107\/revisions"}],"predecessor-version":[{"id":4112,"href":"https:\/\/ocentrodedianacasa.igualdadebenestar.org\/index.php?rest_route=\/wp\/v2\/posts\/4107\/revisions\/4112"}],"wp:attachment":[{"href":"https:\/\/ocentrodedianacasa.igualdadebenestar.org\/index.php?rest_route=%2Fwp%2Fv2%2Fmedia&parent=4107"}],"wp:term":[{"taxonomy":"category","embeddable":true,"href":"https:\/\/ocentrodedianacasa.igualdadebenestar.org\/index.php?rest_route=%2Fwp%2Fv2%2Fcategories&post=4107"},{"taxonomy":"post_tag","embeddable":true,"href":"https:\/\/ocentrodedianacasa.igualdadebenestar.org\/index.php?rest_route=%2Fwp%2Fv2%2Ftags&post=4107"}],"curies":[{"name":"wp","href":"https:\/\/api.w.org\/{rel}","templated":true}]}}