{"id":4081,"date":"2023-03-31T00:00:00","date_gmt":"2023-03-30T22:00:00","guid":{"rendered":"https:\/\/ocentrodedianacasa.igualdadebenestar.org\/?p=4081"},"modified":"2023-03-10T14:15:15","modified_gmt":"2023-03-10T13:15:15","slug":"celebramos-o-8m-no-capm-cospeito","status":"publish","type":"post","link":"https:\/\/ocentrodedianacasa.igualdadebenestar.org\/?p=4081","title":{"rendered":"CELEBRAMOS  O 8M NO CAPM COSPEITO"},"content":{"rendered":"\n<p>Tendo en conta que o perfil maioritario de persoas usuarias dos nosos centros son mulleres nacidas e criadas en \u00e9pocas de gran dificultade, conmemorar unha data tan significativa como \u00e9 o d\u00eda da muller \u00e9 de vital importancia.<\/p>\n\n\n\n<p>As\u00ed, na semana previa ao 8 de marzo no centro de d\u00eda de Cospeito estivemos a traballar sobre o significado desta data, e como cremos que a loita influ\u00edu e segue a influ\u00edr na mellora da nosa sociedade e repercute directamente no noso d\u00eda a d\u00eda.<\/p>\n\n\n\n<p>As persoas usuarias gravaron mensaxes para as mulleres importantes das s\u00faas vidas, as\u00ed como fixemos unha serie de fotos nas que recollemos as palabras que cremos nos representan da canci\u00f3n \u201cMatriarcas\u201d de Gaudi Galego.<\/p>\n\n\n\n<figure class=\"wp-block-image size-large\"><img loading=\"lazy\" width=\"800\" height=\"800\" src=\"https:\/\/ocentrodedianacasa.igualdadebenestar.org\/wp-content\/uploads\/2023\/03\/Collage-8M.png\" alt=\"\" class=\"wp-image-4082\" srcset=\"https:\/\/ocentrodedianacasa.igualdadebenestar.org\/wp-content\/uploads\/2023\/03\/Collage-8M.png 800w, https:\/\/ocentrodedianacasa.igualdadebenestar.org\/wp-content\/uploads\/2023\/03\/Collage-8M-300x300.png 300w, https:\/\/ocentrodedianacasa.igualdadebenestar.org\/wp-content\/uploads\/2023\/03\/Collage-8M-150x150.png 150w, https:\/\/ocentrodedianacasa.igualdadebenestar.org\/wp-content\/uploads\/2023\/03\/Collage-8M-768x768.png 768w\" sizes=\"(max-width: 800px) 100vw, 800px\" \/><\/figure>\n ","protected":false},"excerpt":{"rendered":"<p>Tendo en conta que o perfil maioritario de persoas usuarias dos nosos centros son mulleres nacidas e criadas en \u00e9pocas de gran dificultade, conmemorar unha data tan significativa como \u00e9 <a class=\"more-link\" href=\"https:\/\/ocentrodedianacasa.igualdadebenestar.org\/?p=4081\">Continue Reading &rarr;<\/a><\/p>\n","protected":false},"author":5,"featured_media":0,"comment_status":"open","ping_status":"open","sticky":false,"template":"","format":"standard","meta":[],"categories":[44,66],"tags":[],"post_mailing_queue_ids":[],"_links":{"self":[{"href":"https:\/\/ocentrodedianacasa.igualdadebenestar.org\/index.php?rest_route=\/wp\/v2\/posts\/4081"}],"collection":[{"href":"https:\/\/ocentrodedianacasa.igualdadebenestar.org\/index.php?rest_route=\/wp\/v2\/posts"}],"about":[{"href":"https:\/\/ocentrodedianacasa.igualdadebenestar.org\/index.php?rest_route=\/wp\/v2\/types\/post"}],"author":[{"embeddable":true,"href":"https:\/\/ocentrodedianacasa.igualdadebenestar.org\/index.php?rest_route=\/wp\/v2\/users\/5"}],"replies":[{"embeddable":true,"href":"https:\/\/ocentrodedianacasa.igualdadebenestar.org\/index.php?rest_route=%2Fwp%2Fv2%2Fcomments&post=4081"}],"version-history":[{"count":1,"href":"https:\/\/ocentrodedianacasa.igualdadebenestar.org\/index.php?rest_route=\/wp\/v2\/posts\/4081\/revisions"}],"predecessor-version":[{"id":4083,"href":"https:\/\/ocentrodedianacasa.igualdadebenestar.org\/index.php?rest_route=\/wp\/v2\/posts\/4081\/revisions\/4083"}],"wp:attachment":[{"href":"https:\/\/ocentrodedianacasa.igualdadebenestar.org\/index.php?rest_route=%2Fwp%2Fv2%2Fmedia&parent=4081"}],"wp:term":[{"taxonomy":"category","embeddable":true,"href":"https:\/\/ocentrodedianacasa.igualdadebenestar.org\/index.php?rest_route=%2Fwp%2Fv2%2Fcategories&post=4081"},{"taxonomy":"post_tag","embeddable":true,"href":"https:\/\/ocentrodedianacasa.igualdadebenestar.org\/index.php?rest_route=%2Fwp%2Fv2%2Ftags&post=4081"}],"curies":[{"name":"wp","href":"https:\/\/api.w.org\/{rel}","templated":true}]}}