{"id":4076,"date":"2023-03-31T00:00:00","date_gmt":"2023-03-30T22:00:00","guid":{"rendered":"https:\/\/ocentrodedianacasa.igualdadebenestar.org\/?p=4076"},"modified":"2023-03-10T14:11:27","modified_gmt":"2023-03-10T13:11:27","slug":"8m-pioneiras-que-abriron-camino","status":"publish","type":"post","link":"https:\/\/ocentrodedianacasa.igualdadebenestar.org\/?p=4076","title":{"rendered":"8M. PIONEIRAS QUE ABRIRON CAMI\u00d1O"},"content":{"rendered":"\n<p>O D\u00cdA INTERNACIONAL DA MULLER cel\u00e9brase cada 8 de marzo para po\u00f1er en valor e reinvicar o papel da mesma na sociedad. Por iso, no centro de d\u00eda de Abad\u00edn, pertencente \u00e1 rede de centros de pol\u00edtica social, adicamos a ma\u00f1\u00e1 a ler as historias de mulleres galegas pioneiras que abriron cami\u00f1o (Concepci\u00f3n Arenal, As d\u00faas Mar\u00edas, Xela Arias, Mar\u00eda Pita, Rosal\u00eda Mera e un longo etc.).<\/p>\n\n\n\n<div class=\"wp-block-image\"><figure class=\"alignleft size-large is-resized\"><img loading=\"lazy\" src=\"https:\/\/ocentrodedianacasa.igualdadebenestar.org\/wp-content\/uploads\/2023\/03\/20230308_112010-768x1024.jpg\" alt=\"\" class=\"wp-image-4077\" width=\"262\" height=\"349\" srcset=\"https:\/\/ocentrodedianacasa.igualdadebenestar.org\/wp-content\/uploads\/2023\/03\/20230308_112010-768x1024.jpg 768w, https:\/\/ocentrodedianacasa.igualdadebenestar.org\/wp-content\/uploads\/2023\/03\/20230308_112010-225x300.jpg 225w, https:\/\/ocentrodedianacasa.igualdadebenestar.org\/wp-content\/uploads\/2023\/03\/20230308_112010-1152x1536.jpg 1152w, https:\/\/ocentrodedianacasa.igualdadebenestar.org\/wp-content\/uploads\/2023\/03\/20230308_112010-rotated.jpg 1500w\" sizes=\"(max-width: 262px) 100vw, 262px\" \/><\/figure><\/div>\n\n\n\n<figure class=\"wp-block-image size-large is-resized\"><img loading=\"lazy\" src=\"https:\/\/ocentrodedianacasa.igualdadebenestar.org\/wp-content\/uploads\/2023\/03\/20230306_150733-1024x768.jpg\" alt=\"\" class=\"wp-image-4079\" width=\"392\" height=\"294\" srcset=\"https:\/\/ocentrodedianacasa.igualdadebenestar.org\/wp-content\/uploads\/2023\/03\/20230306_150733-1024x768.jpg 1024w, https:\/\/ocentrodedianacasa.igualdadebenestar.org\/wp-content\/uploads\/2023\/03\/20230306_150733-300x225.jpg 300w, https:\/\/ocentrodedianacasa.igualdadebenestar.org\/wp-content\/uploads\/2023\/03\/20230306_150733-768x576.jpg 768w, https:\/\/ocentrodedianacasa.igualdadebenestar.org\/wp-content\/uploads\/2023\/03\/20230306_150733-1536x1152.jpg 1536w, https:\/\/ocentrodedianacasa.igualdadebenestar.org\/wp-content\/uploads\/2023\/03\/20230306_150733.jpg 2000w\" sizes=\"(max-width: 392px) 100vw, 392px\" \/><\/figure>\n\n\n\n<p><\/p>\n\n\n\n<p>Estas historias inspiradoras estimularon os recordos da infancia sobre as desigualdades existentes entre homes e mulleres na s\u00faa \u00e9poca. Tam\u00e9n destacaron a valent\u00eda dalgunhas veci\u00f1as da s\u00faa zona loitando porque se tivera en conta a s\u00faa labor como comadroas, mestras, fiadoras, criadoras, etc.<\/p>\n\n\n\n<p>Nesta xornada utilizamos documentos descargables de mulleres que abriron cami\u00f1o que compartimos con todos aqueles que o queiran consultar.<\/p>\n\n\n\n<ul><li><a href=\"http:\/\/www.edu.xunta.gal\/centros\/ceipmanuelsueiro\/system\/files\/100mulleres.pdf\">http:\/\/www.edu.xunta.gal\/centros\/ceipmanuelsueiro\/system\/files\/100mulleres.pdf<\/a><\/li><li><a href=\"https:\/\/biblioteca.fundaciononce.es\/publicaciones\/colecciones-propias\/coleccion-accesibilidad\/vidas-de-mujeres-inspiradoras\">https:\/\/biblioteca.fundaciononce.es\/publicaciones\/colecciones-propias\/coleccion-accesibilidad\/vidas-de-mujeres-inspiradoras<\/a><\/li><li><a href=\"https:\/\/www.cedid.es\/es\/documentacion\/ver-seleccion-novedad\/561025\/\">https:\/\/www.cedid.es\/es\/documentacion\/ver-seleccion-novedad\/561025\/<\/a><\/li><li><a href=\"http:\/\/apegoyliteratura.es\/seleccion-de-biografias-de-mujeres\">http:\/\/apegoyliteratura.es\/seleccion-de-biografias-de-mujeres<\/a><\/li><li><a href=\"https:\/\/www.xerais.gal\/libro.php?id=5139515\">https:\/\/www.xerais.gal\/libro.php?id=5139515<\/a><\/li><\/ul>\n\n\n\n<p>Esperamos que vos gusten estas recomendaci\u00f3ns, e recordade que a lectura \u00e9 posible a calquer idade. S\u00f3 hai que adaptala.<\/p>\n ","protected":false},"excerpt":{"rendered":"<p>O D\u00cdA INTERNACIONAL DA MULLER cel\u00e9brase cada 8 de marzo para po\u00f1er en valor e reinvicar o papel da mesma na sociedad. Por iso, no centro de d\u00eda de Abad\u00edn, <a class=\"more-link\" href=\"https:\/\/ocentrodedianacasa.igualdadebenestar.org\/?p=4076\">Continue Reading &rarr;<\/a><\/p>\n","protected":false},"author":5,"featured_media":0,"comment_status":"open","ping_status":"open","sticky":false,"template":"","format":"standard","meta":[],"categories":[44,66],"tags":[],"post_mailing_queue_ids":[],"_links":{"self":[{"href":"https:\/\/ocentrodedianacasa.igualdadebenestar.org\/index.php?rest_route=\/wp\/v2\/posts\/4076"}],"collection":[{"href":"https:\/\/ocentrodedianacasa.igualdadebenestar.org\/index.php?rest_route=\/wp\/v2\/posts"}],"about":[{"href":"https:\/\/ocentrodedianacasa.igualdadebenestar.org\/index.php?rest_route=\/wp\/v2\/types\/post"}],"author":[{"embeddable":true,"href":"https:\/\/ocentrodedianacasa.igualdadebenestar.org\/index.php?rest_route=\/wp\/v2\/users\/5"}],"replies":[{"embeddable":true,"href":"https:\/\/ocentrodedianacasa.igualdadebenestar.org\/index.php?rest_route=%2Fwp%2Fv2%2Fcomments&post=4076"}],"version-history":[{"count":1,"href":"https:\/\/ocentrodedianacasa.igualdadebenestar.org\/index.php?rest_route=\/wp\/v2\/posts\/4076\/revisions"}],"predecessor-version":[{"id":4080,"href":"https:\/\/ocentrodedianacasa.igualdadebenestar.org\/index.php?rest_route=\/wp\/v2\/posts\/4076\/revisions\/4080"}],"wp:attachment":[{"href":"https:\/\/ocentrodedianacasa.igualdadebenestar.org\/index.php?rest_route=%2Fwp%2Fv2%2Fmedia&parent=4076"}],"wp:term":[{"taxonomy":"category","embeddable":true,"href":"https:\/\/ocentrodedianacasa.igualdadebenestar.org\/index.php?rest_route=%2Fwp%2Fv2%2Fcategories&post=4076"},{"taxonomy":"post_tag","embeddable":true,"href":"https:\/\/ocentrodedianacasa.igualdadebenestar.org\/index.php?rest_route=%2Fwp%2Fv2%2Ftags&post=4076"}],"curies":[{"name":"wp","href":"https:\/\/api.w.org\/{rel}","templated":true}]}}