{"id":4009,"date":"2023-01-31T15:29:00","date_gmt":"2023-01-31T14:29:00","guid":{"rendered":"https:\/\/ocentrodedianacasa.igualdadebenestar.org\/?p=4009"},"modified":"2023-02-01T08:59:16","modified_gmt":"2023-02-01T07:59:16","slug":"decoracion-de-nadal-dende-o-centro-de-dia-de-cambados","status":"publish","type":"post","link":"https:\/\/ocentrodedianacasa.igualdadebenestar.org\/?p=4009","title":{"rendered":"Decoraci\u00f3n de Nadal dende o centro de d\u00eda de Cambados"},"content":{"rendered":"\n<p>A celebraci\u00f3n das datas sinaladas \u00e9 fundamental para diversas esferas dentro da vida das persoas maiores. Fomentan a orientaci\u00f3n temporal e espacial, as\u00ed como tam\u00e9n, favorecen un ambiente distendido e c\u00e1lido no Centro de D\u00eda, que reforza o papel das persoas maiores e mellora o seu estado de \u00e1nimo e autoestima.<\/p>\n\n\n\n<p>Decidimos decorar o centro de d\u00eda con motivo do nadal para que quedase m\u00e1is acolledor e que as persoas usuarias se sentisen como no propio fogar.<\/p>\n\n\n\n<p>Entre outros elementos decorativos realizados, elaboramos con botes de melocot\u00f3ns que ti\u00f1amos, macetas para as plantas interiores as\u00ed como tam\u00e9n para colocar candeas no interior, ou mesmo simplemente para decorar.<\/p>\n\n\n\n<p>Esta idea gustoulles tanto \u00e1s persoas usuarias que decidiron decorar tam\u00e9n botes de cristal reutilizados e levalos para as s\u00faas casas.<\/p>\n\n\n\n<p><strong>Como foi o proceso de elaboraci\u00f3n?<\/strong><\/p>\n\n\n\n<ul><li>En primeiro lugar, lavamos ben os botes e sec\u00e1molos ben<\/li><li>Posteriormente, d\u00e1moslle unha pintura base para que logo colla ben a cor coa que desexamos pintar<\/li><li>Unha vez que estea a pintura ben seca, empregamos panos de mesas que te\u00f1an debuxos de nadal (a elecci\u00f3n de cada un) e peg\u00e1molas nos botes con cola.<\/li><li>Continuamos d\u00e1ndolle outra capa para que quede ben axustado o pano de mesa<\/li><li>Por \u00faltimo, colocamos lazos, ou restos de puntillas que ti\u00f1amos arredor do borde superior<\/li><\/ul>\n\n\n\n<p>A continuaci\u00f3n, ensin\u00e1mosvos unhas imaxes do proceso de elaboraci\u00f3n e o resultado final. Anim\u00e1devos a realizar estes elementos decorativos!<\/p>\n\n\n\n<figure class=\"wp-block-gallery columns-3 is-cropped\"><ul class=\"blocks-gallery-grid\"><li class=\"blocks-gallery-item\"><figure><img loading=\"lazy\" width=\"1024\" height=\"768\" src=\"https:\/\/ocentrodedianacasa.igualdadebenestar.org\/wp-content\/uploads\/2023\/02\/CAMBADOS_1-1.jpeg\" alt=\"\" data-id=\"4010\" data-full-url=\"https:\/\/ocentrodedianacasa.igualdadebenestar.org\/wp-content\/uploads\/2023\/02\/CAMBADOS_1-1.jpeg\" data-link=\"https:\/\/ocentrodedianacasa.igualdadebenestar.org\/?attachment_id=4010\" class=\"wp-image-4010\" srcset=\"https:\/\/ocentrodedianacasa.igualdadebenestar.org\/wp-content\/uploads\/2023\/02\/CAMBADOS_1-1.jpeg 1024w, https:\/\/ocentrodedianacasa.igualdadebenestar.org\/wp-content\/uploads\/2023\/02\/CAMBADOS_1-1-300x225.jpeg 300w, https:\/\/ocentrodedianacasa.igualdadebenestar.org\/wp-content\/uploads\/2023\/02\/CAMBADOS_1-1-768x576.jpeg 768w\" sizes=\"(max-width: 1024px) 100vw, 1024px\" \/><\/figure><\/li><li class=\"blocks-gallery-item\"><figure><img loading=\"lazy\" width=\"904\" height=\"680\" src=\"https:\/\/ocentrodedianacasa.igualdadebenestar.org\/wp-content\/uploads\/2023\/02\/CAMBADOS_2-1.jpeg\" alt=\"\" data-id=\"4011\" data-full-url=\"https:\/\/ocentrodedianacasa.igualdadebenestar.org\/wp-content\/uploads\/2023\/02\/CAMBADOS_2-1.jpeg\" data-link=\"https:\/\/ocentrodedianacasa.igualdadebenestar.org\/?attachment_id=4011\" class=\"wp-image-4011\" srcset=\"https:\/\/ocentrodedianacasa.igualdadebenestar.org\/wp-content\/uploads\/2023\/02\/CAMBADOS_2-1.jpeg 904w, https:\/\/ocentrodedianacasa.igualdadebenestar.org\/wp-content\/uploads\/2023\/02\/CAMBADOS_2-1-300x226.jpeg 300w, https:\/\/ocentrodedianacasa.igualdadebenestar.org\/wp-content\/uploads\/2023\/02\/CAMBADOS_2-1-768x578.jpeg 768w\" sizes=\"(max-width: 904px) 100vw, 904px\" \/><\/figure><\/li><li class=\"blocks-gallery-item\"><figure><img loading=\"lazy\" width=\"729\" height=\"1024\" src=\"https:\/\/ocentrodedianacasa.igualdadebenestar.org\/wp-content\/uploads\/2023\/02\/CAMBADOS_3-729x1024.jpeg\" alt=\"\" data-id=\"4012\" data-full-url=\"https:\/\/ocentrodedianacasa.igualdadebenestar.org\/wp-content\/uploads\/2023\/02\/CAMBADOS_3.jpeg\" data-link=\"https:\/\/ocentrodedianacasa.igualdadebenestar.org\/?attachment_id=4012\" class=\"wp-image-4012\" srcset=\"https:\/\/ocentrodedianacasa.igualdadebenestar.org\/wp-content\/uploads\/2023\/02\/CAMBADOS_3-729x1024.jpeg 729w, https:\/\/ocentrodedianacasa.igualdadebenestar.org\/wp-content\/uploads\/2023\/02\/CAMBADOS_3-214x300.jpeg 214w, https:\/\/ocentrodedianacasa.igualdadebenestar.org\/wp-content\/uploads\/2023\/02\/CAMBADOS_3-768x1079.jpeg 768w, https:\/\/ocentrodedianacasa.igualdadebenestar.org\/wp-content\/uploads\/2023\/02\/CAMBADOS_3-1093x1536.jpeg 1093w, https:\/\/ocentrodedianacasa.igualdadebenestar.org\/wp-content\/uploads\/2023\/02\/CAMBADOS_3.jpeg 1139w\" sizes=\"(max-width: 729px) 100vw, 729px\" \/><\/figure><\/li><\/ul><\/figure>\n ","protected":false},"excerpt":{"rendered":"<p>A celebraci\u00f3n das datas sinaladas \u00e9 fundamental para diversas esferas dentro da vida das persoas maiores. Fomentan a orientaci\u00f3n temporal e espacial, as\u00ed como tam\u00e9n, favorecen un ambiente distendido e <a class=\"more-link\" href=\"https:\/\/ocentrodedianacasa.igualdadebenestar.org\/?p=4009\">Continue Reading &rarr;<\/a><\/p>\n","protected":false},"author":3,"featured_media":0,"comment_status":"open","ping_status":"open","sticky":false,"template":"","format":"standard","meta":[],"categories":[44],"tags":[],"post_mailing_queue_ids":[],"_links":{"self":[{"href":"https:\/\/ocentrodedianacasa.igualdadebenestar.org\/index.php?rest_route=\/wp\/v2\/posts\/4009"}],"collection":[{"href":"https:\/\/ocentrodedianacasa.igualdadebenestar.org\/index.php?rest_route=\/wp\/v2\/posts"}],"about":[{"href":"https:\/\/ocentrodedianacasa.igualdadebenestar.org\/index.php?rest_route=\/wp\/v2\/types\/post"}],"author":[{"embeddable":true,"href":"https:\/\/ocentrodedianacasa.igualdadebenestar.org\/index.php?rest_route=\/wp\/v2\/users\/3"}],"replies":[{"embeddable":true,"href":"https:\/\/ocentrodedianacasa.igualdadebenestar.org\/index.php?rest_route=%2Fwp%2Fv2%2Fcomments&post=4009"}],"version-history":[{"count":1,"href":"https:\/\/ocentrodedianacasa.igualdadebenestar.org\/index.php?rest_route=\/wp\/v2\/posts\/4009\/revisions"}],"predecessor-version":[{"id":4013,"href":"https:\/\/ocentrodedianacasa.igualdadebenestar.org\/index.php?rest_route=\/wp\/v2\/posts\/4009\/revisions\/4013"}],"wp:attachment":[{"href":"https:\/\/ocentrodedianacasa.igualdadebenestar.org\/index.php?rest_route=%2Fwp%2Fv2%2Fmedia&parent=4009"}],"wp:term":[{"taxonomy":"category","embeddable":true,"href":"https:\/\/ocentrodedianacasa.igualdadebenestar.org\/index.php?rest_route=%2Fwp%2Fv2%2Fcategories&post=4009"},{"taxonomy":"post_tag","embeddable":true,"href":"https:\/\/ocentrodedianacasa.igualdadebenestar.org\/index.php?rest_route=%2Fwp%2Fv2%2Ftags&post=4009"}],"curies":[{"name":"wp","href":"https:\/\/api.w.org\/{rel}","templated":true}]}}