{"id":4005,"date":"2023-02-28T08:53:00","date_gmt":"2023-02-28T07:53:00","guid":{"rendered":"https:\/\/ocentrodedianacasa.igualdadebenestar.org\/?p=4005"},"modified":"2023-02-01T08:55:25","modified_gmt":"2023-02-01T07:55:25","slug":"saida-o-mercado-dende-o-centro-de-dia-de-cambados","status":"publish","type":"post","link":"https:\/\/ocentrodedianacasa.igualdadebenestar.org\/?p=4005","title":{"rendered":"SA\u00cdDA O MERCADO DENDE O CENTRO DE D\u00cdA DE CAMBADOS"},"content":{"rendered":"\n<p>A feira da vila sup\u00f3n un lugar de encontro para a veci\u00f1anza, de intercambio cultural e de vivencias, as\u00ed como tam\u00e9n, un espazo para o comercio, onde poder traballar actividades instrumentais da vida diaria ,como por exemplo, o manexo do di\u00f1eiro.<\/p>\n\n\n\n<p>No noso pobo o mercado cel\u00e9brase todos os m\u00e9rcores e os s\u00e1bados. Decidimos sa\u00edr ata al\u00ed, xa que o tempo nos acompa\u00f1aba.<\/p>\n\n\n\n<p>As persoas usuarias desfrutaron desta sa\u00edda, socializando coa veci\u00f1anza que fac\u00eda tempo que non v\u00edan, ollando a exposici\u00f3n de variedade de produtos t\u00e9xtiles e gastron\u00f3micos, entre outros.<\/p>\n\n\n\n<p>Aproveitouse tam\u00e9n para ir \u00e1 praza de abastos, onde as persoas usuarias refiren que lles gusta moito ir, xa que saben de primeira man, a boa calidade que hai, tanto na carne coma no peixe.<\/p>\n\n\n\n<p>A continuaci\u00f3n amos\u00e1mosvos unhas imaxes da nosa sa\u00edda.<\/p>\n\n\n\n<p>Anim\u00e1mosvos a vir visitar o mercado de Cambados!<\/p>\n\n\n\n<figure class=\"wp-block-gallery columns-2 is-cropped\"><ul class=\"blocks-gallery-grid\"><li class=\"blocks-gallery-item\"><figure><img loading=\"lazy\" width=\"768\" height=\"1024\" src=\"https:\/\/ocentrodedianacasa.igualdadebenestar.org\/wp-content\/uploads\/2023\/02\/CAMBADOS_2-768x1024.jpeg\" alt=\"\" data-id=\"4006\" data-full-url=\"https:\/\/ocentrodedianacasa.igualdadebenestar.org\/wp-content\/uploads\/2023\/02\/CAMBADOS_2.jpeg\" data-link=\"https:\/\/ocentrodedianacasa.igualdadebenestar.org\/?attachment_id=4006\" class=\"wp-image-4006\" srcset=\"https:\/\/ocentrodedianacasa.igualdadebenestar.org\/wp-content\/uploads\/2023\/02\/CAMBADOS_2-768x1024.jpeg 768w, https:\/\/ocentrodedianacasa.igualdadebenestar.org\/wp-content\/uploads\/2023\/02\/CAMBADOS_2-225x300.jpeg 225w, https:\/\/ocentrodedianacasa.igualdadebenestar.org\/wp-content\/uploads\/2023\/02\/CAMBADOS_2-1152x1536.jpeg 1152w, https:\/\/ocentrodedianacasa.igualdadebenestar.org\/wp-content\/uploads\/2023\/02\/CAMBADOS_2.jpeg 1200w\" sizes=\"(max-width: 768px) 100vw, 768px\" \/><\/figure><\/li><li class=\"blocks-gallery-item\"><figure><img loading=\"lazy\" width=\"768\" height=\"1024\" src=\"https:\/\/ocentrodedianacasa.igualdadebenestar.org\/wp-content\/uploads\/2023\/02\/CAMBADOS_1-768x1024.jpeg\" alt=\"\" data-id=\"4007\" data-full-url=\"https:\/\/ocentrodedianacasa.igualdadebenestar.org\/wp-content\/uploads\/2023\/02\/CAMBADOS_1.jpeg\" data-link=\"https:\/\/ocentrodedianacasa.igualdadebenestar.org\/?attachment_id=4007\" class=\"wp-image-4007\" srcset=\"https:\/\/ocentrodedianacasa.igualdadebenestar.org\/wp-content\/uploads\/2023\/02\/CAMBADOS_1-768x1024.jpeg 768w, https:\/\/ocentrodedianacasa.igualdadebenestar.org\/wp-content\/uploads\/2023\/02\/CAMBADOS_1-225x300.jpeg 225w, https:\/\/ocentrodedianacasa.igualdadebenestar.org\/wp-content\/uploads\/2023\/02\/CAMBADOS_1-1152x1536.jpeg 1152w, https:\/\/ocentrodedianacasa.igualdadebenestar.org\/wp-content\/uploads\/2023\/02\/CAMBADOS_1.jpeg 1200w\" sizes=\"(max-width: 768px) 100vw, 768px\" \/><\/figure><\/li><\/ul><\/figure>\n ","protected":false},"excerpt":{"rendered":"<p>A feira da vila sup\u00f3n un lugar de encontro para a veci\u00f1anza, de intercambio cultural e de vivencias, as\u00ed como tam\u00e9n, un espazo para o comercio, onde poder traballar actividades <a class=\"more-link\" href=\"https:\/\/ocentrodedianacasa.igualdadebenestar.org\/?p=4005\">Continue Reading &rarr;<\/a><\/p>\n","protected":false},"author":3,"featured_media":0,"comment_status":"open","ping_status":"open","sticky":false,"template":"","format":"standard","meta":[],"categories":[23],"tags":[],"post_mailing_queue_ids":[],"_links":{"self":[{"href":"https:\/\/ocentrodedianacasa.igualdadebenestar.org\/index.php?rest_route=\/wp\/v2\/posts\/4005"}],"collection":[{"href":"https:\/\/ocentrodedianacasa.igualdadebenestar.org\/index.php?rest_route=\/wp\/v2\/posts"}],"about":[{"href":"https:\/\/ocentrodedianacasa.igualdadebenestar.org\/index.php?rest_route=\/wp\/v2\/types\/post"}],"author":[{"embeddable":true,"href":"https:\/\/ocentrodedianacasa.igualdadebenestar.org\/index.php?rest_route=\/wp\/v2\/users\/3"}],"replies":[{"embeddable":true,"href":"https:\/\/ocentrodedianacasa.igualdadebenestar.org\/index.php?rest_route=%2Fwp%2Fv2%2Fcomments&post=4005"}],"version-history":[{"count":1,"href":"https:\/\/ocentrodedianacasa.igualdadebenestar.org\/index.php?rest_route=\/wp\/v2\/posts\/4005\/revisions"}],"predecessor-version":[{"id":4008,"href":"https:\/\/ocentrodedianacasa.igualdadebenestar.org\/index.php?rest_route=\/wp\/v2\/posts\/4005\/revisions\/4008"}],"wp:attachment":[{"href":"https:\/\/ocentrodedianacasa.igualdadebenestar.org\/index.php?rest_route=%2Fwp%2Fv2%2Fmedia&parent=4005"}],"wp:term":[{"taxonomy":"category","embeddable":true,"href":"https:\/\/ocentrodedianacasa.igualdadebenestar.org\/index.php?rest_route=%2Fwp%2Fv2%2Fcategories&post=4005"},{"taxonomy":"post_tag","embeddable":true,"href":"https:\/\/ocentrodedianacasa.igualdadebenestar.org\/index.php?rest_route=%2Fwp%2Fv2%2Ftags&post=4005"}],"curies":[{"name":"wp","href":"https:\/\/api.w.org\/{rel}","templated":true}]}}