{"id":3965,"date":"2023-01-31T11:45:00","date_gmt":"2023-01-31T10:45:00","guid":{"rendered":"https:\/\/ocentrodedianacasa.igualdadebenestar.org\/?p=3965"},"modified":"2023-01-23T11:46:46","modified_gmt":"2023-01-23T10:46:46","slug":"visita-do-rei-mago-melchor-dende-o-centro-de-dia-de-begonte","status":"publish","type":"post","link":"https:\/\/ocentrodedianacasa.igualdadebenestar.org\/?p=3965","title":{"rendered":"VISITA DO REI MAGO MELCHOR DENDE O CENTRO DE D\u00cdA DE BEGONTE"},"content":{"rendered":"\n<p>Celebraci\u00f3n do d\u00eda dos Reis Magos coa presenza do rei mago Melchor. F\u00edxose unha performance baseada na improvisaci\u00f3n entre o convidado e a terapeuta ocupacional do centro en clave de humor potenciando a interacci\u00f3n coas persoas usuarias. O rei mago deu un agasallo a cada persoa usuaria e estimulando en todo momento a risa dos participantes. O lema da visita era non deixes de so\u00f1ar, a ilusi\u00f3n perdura ao longo da vida.<\/p>\n\n\n\n<figure class=\"wp-block-gallery columns-1 is-cropped\"><ul class=\"blocks-gallery-grid\"><li class=\"blocks-gallery-item\"><figure><img loading=\"lazy\" width=\"1024\" height=\"768\" src=\"https:\/\/ocentrodedianacasa.igualdadebenestar.org\/wp-content\/uploads\/2023\/01\/WhatsApp-Image-2023-01-09-at-13.41.10-1-1024x768.jpeg\" alt=\"\" data-id=\"3966\" data-full-url=\"https:\/\/ocentrodedianacasa.igualdadebenestar.org\/wp-content\/uploads\/2023\/01\/WhatsApp-Image-2023-01-09-at-13.41.10-1.jpeg\" data-link=\"https:\/\/ocentrodedianacasa.igualdadebenestar.org\/?attachment_id=3966\" class=\"wp-image-3966\" srcset=\"https:\/\/ocentrodedianacasa.igualdadebenestar.org\/wp-content\/uploads\/2023\/01\/WhatsApp-Image-2023-01-09-at-13.41.10-1-1024x768.jpeg 1024w, https:\/\/ocentrodedianacasa.igualdadebenestar.org\/wp-content\/uploads\/2023\/01\/WhatsApp-Image-2023-01-09-at-13.41.10-1-300x225.jpeg 300w, https:\/\/ocentrodedianacasa.igualdadebenestar.org\/wp-content\/uploads\/2023\/01\/WhatsApp-Image-2023-01-09-at-13.41.10-1-768x576.jpeg 768w, https:\/\/ocentrodedianacasa.igualdadebenestar.org\/wp-content\/uploads\/2023\/01\/WhatsApp-Image-2023-01-09-at-13.41.10-1-1536x1152.jpeg 1536w, https:\/\/ocentrodedianacasa.igualdadebenestar.org\/wp-content\/uploads\/2023\/01\/WhatsApp-Image-2023-01-09-at-13.41.10-1.jpeg 1600w\" sizes=\"(max-width: 1024px) 100vw, 1024px\" \/><\/figure><\/li><\/ul><\/figure>\n ","protected":false},"excerpt":{"rendered":"<p>Celebraci\u00f3n do d\u00eda dos Reis Magos coa presenza do rei mago Melchor. F\u00edxose unha performance baseada na improvisaci\u00f3n entre o convidado e a terapeuta ocupacional do centro en clave de <a class=\"more-link\" href=\"https:\/\/ocentrodedianacasa.igualdadebenestar.org\/?p=3965\">Continue Reading &rarr;<\/a><\/p>\n","protected":false},"author":3,"featured_media":0,"comment_status":"open","ping_status":"open","sticky":false,"template":"","format":"standard","meta":[],"categories":[44],"tags":[],"post_mailing_queue_ids":[],"_links":{"self":[{"href":"https:\/\/ocentrodedianacasa.igualdadebenestar.org\/index.php?rest_route=\/wp\/v2\/posts\/3965"}],"collection":[{"href":"https:\/\/ocentrodedianacasa.igualdadebenestar.org\/index.php?rest_route=\/wp\/v2\/posts"}],"about":[{"href":"https:\/\/ocentrodedianacasa.igualdadebenestar.org\/index.php?rest_route=\/wp\/v2\/types\/post"}],"author":[{"embeddable":true,"href":"https:\/\/ocentrodedianacasa.igualdadebenestar.org\/index.php?rest_route=\/wp\/v2\/users\/3"}],"replies":[{"embeddable":true,"href":"https:\/\/ocentrodedianacasa.igualdadebenestar.org\/index.php?rest_route=%2Fwp%2Fv2%2Fcomments&post=3965"}],"version-history":[{"count":1,"href":"https:\/\/ocentrodedianacasa.igualdadebenestar.org\/index.php?rest_route=\/wp\/v2\/posts\/3965\/revisions"}],"predecessor-version":[{"id":3967,"href":"https:\/\/ocentrodedianacasa.igualdadebenestar.org\/index.php?rest_route=\/wp\/v2\/posts\/3965\/revisions\/3967"}],"wp:attachment":[{"href":"https:\/\/ocentrodedianacasa.igualdadebenestar.org\/index.php?rest_route=%2Fwp%2Fv2%2Fmedia&parent=3965"}],"wp:term":[{"taxonomy":"category","embeddable":true,"href":"https:\/\/ocentrodedianacasa.igualdadebenestar.org\/index.php?rest_route=%2Fwp%2Fv2%2Fcategories&post=3965"},{"taxonomy":"post_tag","embeddable":true,"href":"https:\/\/ocentrodedianacasa.igualdadebenestar.org\/index.php?rest_route=%2Fwp%2Fv2%2Ftags&post=3965"}],"curies":[{"name":"wp","href":"https:\/\/api.w.org\/{rel}","templated":true}]}}