{"id":3923,"date":"2022-12-30T07:59:57","date_gmt":"2022-12-30T06:59:57","guid":{"rendered":"https:\/\/ocentrodedianacasa.igualdadebenestar.org\/?p=3923"},"modified":"2022-12-30T08:00:14","modified_gmt":"2022-12-30T07:00:14","slug":"festexando-o-nadal","status":"publish","type":"post","link":"https:\/\/ocentrodedianacasa.igualdadebenestar.org\/?p=3923","title":{"rendered":"Festexando o Nadal"},"content":{"rendered":"\n<p>No Centro de D\u00eda de Culleredo quixemos celebrar o nadal dunha maneira moi especial, convidando a todas as familias \u00e1 nosa festa e cantando e filmando a nosa versi\u00f3n da panxoli\u00f1a \u201cCampana sobre campana\u201d.<\/p>\n\n\n\n<p>Concursos, agasallos, piscolabis, panxoli\u00f1as &#8230; e m\u00fasica en directo! Desfrutamos da actuaci\u00f3n do \u201cGrupo Instrumental Diazeuxis\u201d, do departamento de m\u00fasica do I.E.S Blanco Amor.<\/p>\n\n\n\n<p>Xa estamos pensando na pr\u00f3xima excusa para festexar &#8230; pero mentres tanto &#8230; agardamos vos guste tanto como a nos o noso v\u00eddeo panxoli\u00f1a.<\/p>\n\n\n\n<p>\u00a1Feliz Nadal e Feliz ano a todos e a todas!<\/p>\n\n\n\n<figure class=\"wp-block-embed-youtube wp-block-embed is-type-video is-provider-youtube wp-embed-aspect-16-9 wp-has-aspect-ratio\"><div class=\"wp-block-embed__wrapper\">\n<iframe title=\"NADAL2022 CAPM Culleredo\" width=\"678\" height=\"381\" src=\"https:\/\/www.youtube.com\/embed\/AnYsR0vOUAY?feature=oembed\" frameborder=\"0\" allow=\"accelerometer; autoplay; clipboard-write; encrypted-media; gyroscope; picture-in-picture\" allowfullscreen><\/iframe>\n<\/div><\/figure>\n\n\n\n<p><\/p>\n ","protected":false},"excerpt":{"rendered":"<p>No Centro de D\u00eda de Culleredo quixemos celebrar o nadal dunha maneira moi especial, convidando a todas as familias \u00e1 nosa festa e cantando e filmando a nosa versi\u00f3n da <a class=\"more-link\" href=\"https:\/\/ocentrodedianacasa.igualdadebenestar.org\/?p=3923\">Continue Reading &rarr;<\/a><\/p>\n","protected":false},"author":5,"featured_media":0,"comment_status":"open","ping_status":"open","sticky":false,"template":"","format":"standard","meta":[],"categories":[44,66],"tags":[],"post_mailing_queue_ids":[],"_links":{"self":[{"href":"https:\/\/ocentrodedianacasa.igualdadebenestar.org\/index.php?rest_route=\/wp\/v2\/posts\/3923"}],"collection":[{"href":"https:\/\/ocentrodedianacasa.igualdadebenestar.org\/index.php?rest_route=\/wp\/v2\/posts"}],"about":[{"href":"https:\/\/ocentrodedianacasa.igualdadebenestar.org\/index.php?rest_route=\/wp\/v2\/types\/post"}],"author":[{"embeddable":true,"href":"https:\/\/ocentrodedianacasa.igualdadebenestar.org\/index.php?rest_route=\/wp\/v2\/users\/5"}],"replies":[{"embeddable":true,"href":"https:\/\/ocentrodedianacasa.igualdadebenestar.org\/index.php?rest_route=%2Fwp%2Fv2%2Fcomments&post=3923"}],"version-history":[{"count":1,"href":"https:\/\/ocentrodedianacasa.igualdadebenestar.org\/index.php?rest_route=\/wp\/v2\/posts\/3923\/revisions"}],"predecessor-version":[{"id":3924,"href":"https:\/\/ocentrodedianacasa.igualdadebenestar.org\/index.php?rest_route=\/wp\/v2\/posts\/3923\/revisions\/3924"}],"wp:attachment":[{"href":"https:\/\/ocentrodedianacasa.igualdadebenestar.org\/index.php?rest_route=%2Fwp%2Fv2%2Fmedia&parent=3923"}],"wp:term":[{"taxonomy":"category","embeddable":true,"href":"https:\/\/ocentrodedianacasa.igualdadebenestar.org\/index.php?rest_route=%2Fwp%2Fv2%2Fcategories&post=3923"},{"taxonomy":"post_tag","embeddable":true,"href":"https:\/\/ocentrodedianacasa.igualdadebenestar.org\/index.php?rest_route=%2Fwp%2Fv2%2Ftags&post=3923"}],"curies":[{"name":"wp","href":"https:\/\/api.w.org\/{rel}","templated":true}]}}