{"id":3918,"date":"2022-12-30T00:00:00","date_gmt":"2022-12-29T23:00:00","guid":{"rendered":"https:\/\/ocentrodedianacasa.igualdadebenestar.org\/?p=3918"},"modified":"2022-12-28T13:27:54","modified_gmt":"2022-12-28T12:27:54","slug":"celebramos-o-dia-internacional-da-discapacidade-no-centro-de-begonte","status":"publish","type":"post","link":"https:\/\/ocentrodedianacasa.igualdadebenestar.org\/?p=3918","title":{"rendered":"Celebramos o D\u00eda Internacional da discapacidade no centro de Begonte"},"content":{"rendered":"\n<p>Visibilizaci\u00f3n do d\u00eda internacional da discapacidade celebrado neste mes cun convidado: o xornalista da radio galega de deportes, Tony L\u00f3pez, que ten discapacidade visual. Primeiro expux\u00e9ronse noci\u00f3ns b\u00e1sicas sobre a tem\u00e1tica en cuesti\u00f3n dismitificando certos prexuizos e recalcando as capacidades diferentes de cada persoa. Despois f\u00edxose unha entrevista a Tony L\u00f3pez incidindo nos logros obtidos e na capacidade de superaci\u00f3n. Foi un debate aberto onde as persoas usuarias escoitaron as vivenzas do convidado no seu d\u00eda a d\u00eda, no seu traballo e permitindo unha retroalimentaci\u00f3n aberta. O perro gu\u00eda do convidado foi un est\u00edmulo moi motivador para as persoas usuarias.<\/p>\n\n\n\n<p>Como remate final f\u00edxoselle un agasallo artesanal a modo de agradecemento pola s\u00faa colaboraci\u00f3n co centro.<\/p>\n\n\n\n<figure class=\"wp-block-image size-large\"><img loading=\"lazy\" width=\"1024\" height=\"768\" src=\"https:\/\/ocentrodedianacasa.igualdadebenestar.org\/wp-content\/uploads\/2022\/12\/WhatsApp-Image-2022-12-27-at-13.17.08-1024x768.jpeg\" alt=\"\" class=\"wp-image-3919\" srcset=\"https:\/\/ocentrodedianacasa.igualdadebenestar.org\/wp-content\/uploads\/2022\/12\/WhatsApp-Image-2022-12-27-at-13.17.08-1024x768.jpeg 1024w, https:\/\/ocentrodedianacasa.igualdadebenestar.org\/wp-content\/uploads\/2022\/12\/WhatsApp-Image-2022-12-27-at-13.17.08-300x225.jpeg 300w, https:\/\/ocentrodedianacasa.igualdadebenestar.org\/wp-content\/uploads\/2022\/12\/WhatsApp-Image-2022-12-27-at-13.17.08-768x576.jpeg 768w, https:\/\/ocentrodedianacasa.igualdadebenestar.org\/wp-content\/uploads\/2022\/12\/WhatsApp-Image-2022-12-27-at-13.17.08-1536x1152.jpeg 1536w, https:\/\/ocentrodedianacasa.igualdadebenestar.org\/wp-content\/uploads\/2022\/12\/WhatsApp-Image-2022-12-27-at-13.17.08.jpeg 2048w\" sizes=\"(max-width: 1024px) 100vw, 1024px\" \/><\/figure>\n\n\n\n<figure class=\"wp-block-image size-large\"><img loading=\"lazy\" width=\"1024\" height=\"768\" src=\"https:\/\/ocentrodedianacasa.igualdadebenestar.org\/wp-content\/uploads\/2022\/12\/WhatsApp-Image-2022-12-27-at-13.19.54-1024x768.jpeg\" alt=\"\" class=\"wp-image-3920\" srcset=\"https:\/\/ocentrodedianacasa.igualdadebenestar.org\/wp-content\/uploads\/2022\/12\/WhatsApp-Image-2022-12-27-at-13.19.54-1024x768.jpeg 1024w, https:\/\/ocentrodedianacasa.igualdadebenestar.org\/wp-content\/uploads\/2022\/12\/WhatsApp-Image-2022-12-27-at-13.19.54-300x225.jpeg 300w, https:\/\/ocentrodedianacasa.igualdadebenestar.org\/wp-content\/uploads\/2022\/12\/WhatsApp-Image-2022-12-27-at-13.19.54-768x576.jpeg 768w, https:\/\/ocentrodedianacasa.igualdadebenestar.org\/wp-content\/uploads\/2022\/12\/WhatsApp-Image-2022-12-27-at-13.19.54-1536x1152.jpeg 1536w, https:\/\/ocentrodedianacasa.igualdadebenestar.org\/wp-content\/uploads\/2022\/12\/WhatsApp-Image-2022-12-27-at-13.19.54.jpeg 2048w\" sizes=\"(max-width: 1024px) 100vw, 1024px\" \/><\/figure>\n\n\n\n<figure class=\"wp-block-image size-large\"><img loading=\"lazy\" width=\"473\" height=\"1024\" src=\"https:\/\/ocentrodedianacasa.igualdadebenestar.org\/wp-content\/uploads\/2022\/12\/WhatsApp-Image-2022-12-27-at-13.10.59-473x1024.jpeg\" alt=\"\" class=\"wp-image-3921\" srcset=\"https:\/\/ocentrodedianacasa.igualdadebenestar.org\/wp-content\/uploads\/2022\/12\/WhatsApp-Image-2022-12-27-at-13.10.59-473x1024.jpeg 473w, https:\/\/ocentrodedianacasa.igualdadebenestar.org\/wp-content\/uploads\/2022\/12\/WhatsApp-Image-2022-12-27-at-13.10.59-139x300.jpeg 139w, https:\/\/ocentrodedianacasa.igualdadebenestar.org\/wp-content\/uploads\/2022\/12\/WhatsApp-Image-2022-12-27-at-13.10.59-768x1663.jpeg 768w, https:\/\/ocentrodedianacasa.igualdadebenestar.org\/wp-content\/uploads\/2022\/12\/WhatsApp-Image-2022-12-27-at-13.10.59-710x1536.jpeg 710w, https:\/\/ocentrodedianacasa.igualdadebenestar.org\/wp-content\/uploads\/2022\/12\/WhatsApp-Image-2022-12-27-at-13.10.59.jpeg 946w\" sizes=\"(max-width: 473px) 100vw, 473px\" \/><\/figure>\n ","protected":false},"excerpt":{"rendered":"<p>Visibilizaci\u00f3n do d\u00eda internacional da discapacidade celebrado neste mes cun convidado: o xornalista da radio galega de deportes, Tony L\u00f3pez, que ten discapacidade visual. Primeiro expux\u00e9ronse noci\u00f3ns b\u00e1sicas sobre a <a class=\"more-link\" href=\"https:\/\/ocentrodedianacasa.igualdadebenestar.org\/?p=3918\">Continue Reading &rarr;<\/a><\/p>\n","protected":false},"author":5,"featured_media":0,"comment_status":"open","ping_status":"open","sticky":false,"template":"","format":"standard","meta":[],"categories":[44,29,66],"tags":[],"post_mailing_queue_ids":[],"_links":{"self":[{"href":"https:\/\/ocentrodedianacasa.igualdadebenestar.org\/index.php?rest_route=\/wp\/v2\/posts\/3918"}],"collection":[{"href":"https:\/\/ocentrodedianacasa.igualdadebenestar.org\/index.php?rest_route=\/wp\/v2\/posts"}],"about":[{"href":"https:\/\/ocentrodedianacasa.igualdadebenestar.org\/index.php?rest_route=\/wp\/v2\/types\/post"}],"author":[{"embeddable":true,"href":"https:\/\/ocentrodedianacasa.igualdadebenestar.org\/index.php?rest_route=\/wp\/v2\/users\/5"}],"replies":[{"embeddable":true,"href":"https:\/\/ocentrodedianacasa.igualdadebenestar.org\/index.php?rest_route=%2Fwp%2Fv2%2Fcomments&post=3918"}],"version-history":[{"count":1,"href":"https:\/\/ocentrodedianacasa.igualdadebenestar.org\/index.php?rest_route=\/wp\/v2\/posts\/3918\/revisions"}],"predecessor-version":[{"id":3922,"href":"https:\/\/ocentrodedianacasa.igualdadebenestar.org\/index.php?rest_route=\/wp\/v2\/posts\/3918\/revisions\/3922"}],"wp:attachment":[{"href":"https:\/\/ocentrodedianacasa.igualdadebenestar.org\/index.php?rest_route=%2Fwp%2Fv2%2Fmedia&parent=3918"}],"wp:term":[{"taxonomy":"category","embeddable":true,"href":"https:\/\/ocentrodedianacasa.igualdadebenestar.org\/index.php?rest_route=%2Fwp%2Fv2%2Fcategories&post=3918"},{"taxonomy":"post_tag","embeddable":true,"href":"https:\/\/ocentrodedianacasa.igualdadebenestar.org\/index.php?rest_route=%2Fwp%2Fv2%2Ftags&post=3918"}],"curies":[{"name":"wp","href":"https:\/\/api.w.org\/{rel}","templated":true}]}}