{"id":3887,"date":"2022-12-29T00:00:00","date_gmt":"2022-12-28T23:00:00","guid":{"rendered":"https:\/\/ocentrodedianacasa.igualdadebenestar.org\/?p=3887"},"modified":"2022-12-30T08:03:25","modified_gmt":"2022-12-30T07:03:25","slug":"aniversario-do-centro-de-dia-de-mondariz","status":"publish","type":"post","link":"https:\/\/ocentrodedianacasa.igualdadebenestar.org\/?p=3887","title":{"rendered":"Aniversario do centro de d\u00eda de Mondariz"},"content":{"rendered":"\n<p>Cumprir un ano m\u00e1is \u00e9 sempre motivo de celebraci\u00f3n. Por iso este ano decidimos facer unha viaxe<\/p>\n\n\n\n<p>no tempo, onde se pretende rememorar o xeito de vivir en Galicia durante a metade do s\u00e9culo pasado, momento no que as persoas usuarias do noso centro eran novas, algo moi representativo para elas.<br><br>Nesta homenaxe do XII Aniversario, ambient\u00e1ronse os diferentes espazos do centro recreando estancias antigas que non faltan na memoria das nosas persoas usuarias: dar de comer \u00f3s animais na corte, na casa a preparaci\u00f3n para a festa, escenas de taberna , a verbena coa comisi\u00f3n de festa, o fogueteiro, a puxa e os gaiteiros&#8230; a trav\u00e9s de pequenas teatrealizaci\u00f3ns po\u00f1endo en valor o xeito de vivir naquela \u00e9poca.<\/p>\n\n\n\n<p>Dex\u00e1mosvos un pequeno resumo desta xornada tan especial tanto para eles como para as s\u00faas familias que grazas \u00e1 s\u00faa colaboraci\u00f3n, co aporte obxectos persoais, fixeron posible esta actividade significativa para todos\/as.<\/p>\n\n\n\n<figure class=\"wp-block-embed-youtube wp-block-embed is-type-video is-provider-youtube wp-embed-aspect-16-9 wp-has-aspect-ratio\"><div class=\"wp-block-embed__wrapper\">\n<iframe title=\"XII Aniversario\" width=\"678\" height=\"381\" src=\"https:\/\/www.youtube.com\/embed\/t1dy-PQtz_8?feature=oembed\" frameborder=\"0\" allow=\"accelerometer; autoplay; clipboard-write; encrypted-media; gyroscope; picture-in-picture\" allowfullscreen><\/iframe>\n<\/div><\/figure>\n ","protected":false},"excerpt":{"rendered":"<p>Cumprir un ano m\u00e1is \u00e9 sempre motivo de celebraci\u00f3n. Por iso este ano decidimos facer unha viaxe no tempo, onde se pretende rememorar o xeito de vivir en Galicia durante <a class=\"more-link\" href=\"https:\/\/ocentrodedianacasa.igualdadebenestar.org\/?p=3887\">Continue Reading &rarr;<\/a><\/p>\n","protected":false},"author":3,"featured_media":0,"comment_status":"open","ping_status":"open","sticky":false,"template":"","format":"standard","meta":[],"categories":[44],"tags":[],"post_mailing_queue_ids":[],"_links":{"self":[{"href":"https:\/\/ocentrodedianacasa.igualdadebenestar.org\/index.php?rest_route=\/wp\/v2\/posts\/3887"}],"collection":[{"href":"https:\/\/ocentrodedianacasa.igualdadebenestar.org\/index.php?rest_route=\/wp\/v2\/posts"}],"about":[{"href":"https:\/\/ocentrodedianacasa.igualdadebenestar.org\/index.php?rest_route=\/wp\/v2\/types\/post"}],"author":[{"embeddable":true,"href":"https:\/\/ocentrodedianacasa.igualdadebenestar.org\/index.php?rest_route=\/wp\/v2\/users\/3"}],"replies":[{"embeddable":true,"href":"https:\/\/ocentrodedianacasa.igualdadebenestar.org\/index.php?rest_route=%2Fwp%2Fv2%2Fcomments&post=3887"}],"version-history":[{"count":2,"href":"https:\/\/ocentrodedianacasa.igualdadebenestar.org\/index.php?rest_route=\/wp\/v2\/posts\/3887\/revisions"}],"predecessor-version":[{"id":3890,"href":"https:\/\/ocentrodedianacasa.igualdadebenestar.org\/index.php?rest_route=\/wp\/v2\/posts\/3887\/revisions\/3890"}],"wp:attachment":[{"href":"https:\/\/ocentrodedianacasa.igualdadebenestar.org\/index.php?rest_route=%2Fwp%2Fv2%2Fmedia&parent=3887"}],"wp:term":[{"taxonomy":"category","embeddable":true,"href":"https:\/\/ocentrodedianacasa.igualdadebenestar.org\/index.php?rest_route=%2Fwp%2Fv2%2Fcategories&post=3887"},{"taxonomy":"post_tag","embeddable":true,"href":"https:\/\/ocentrodedianacasa.igualdadebenestar.org\/index.php?rest_route=%2Fwp%2Fv2%2Ftags&post=3887"}],"curies":[{"name":"wp","href":"https:\/\/api.w.org\/{rel}","templated":true}]}}