{"id":3883,"date":"2022-12-02T12:00:19","date_gmt":"2022-12-02T11:00:19","guid":{"rendered":"https:\/\/ocentrodedianacasa.igualdadebenestar.org\/?p=3883"},"modified":"2022-12-02T12:08:58","modified_gmt":"2022-12-02T11:08:58","slug":"samain-dende-o-centro-de-dia-de-baiona","status":"publish","type":"post","link":"https:\/\/ocentrodedianacasa.igualdadebenestar.org\/?p=3883","title":{"rendered":"Sama\u00edn dende o centro de d\u00eda de Mondariz"},"content":{"rendered":"\n<p>Como cada ano dende o CAPM de Mondariz non pod\u00edamos deixar de festexar o Sama\u00edn. Este ano foi dun xeito tradicional, recordando vellas costumes vencelladas \u00f3 medo. Para elo, contamos tam\u00e9n coa visita dos alumnos\/as do CEIP de Mondariz que puideron experimentar o \u201cmesmo medo\u201d a trav\u00e9s de acci\u00f3ns tan habituais para os maiores como eran, ir buscar le\u00f1a, ir polos cami\u00f1os sen luz, contar lendas \u00f3 car\u00f3n da lareira&#8230; A actividade completouse cunha escenificaci\u00f3n dun velorio tradicional por parte dos maiores do centro e o equipo, mostrando \u00f3s m\u00e1is novos, con todo luxo de detalle, como era un dos momentos de maior significaci\u00f3n para as familias. Os rapaces e rapazas do colexio, recolleron tam\u00e9n durante varios d\u00edas historias que lles contaron os seus av\u00f3s e avoas que compartiron con todos n\u00f3s.<\/p>\n\n\n\n<p>Aqu\u00ed presentamos o v\u00eddeo resumo desta xornada tan terror\u00edfica!<\/p>\n\n\n\n<figure class=\"wp-block-embed-youtube wp-block-embed is-type-video is-provider-youtube wp-embed-aspect-16-9 wp-has-aspect-ratio\"><div class=\"wp-block-embed__wrapper\">\n<iframe title=\"Sama\u00edn 2022\" width=\"678\" height=\"381\" src=\"https:\/\/www.youtube.com\/embed\/lmeRUxN-b4Y?feature=oembed\" frameborder=\"0\" allow=\"accelerometer; autoplay; clipboard-write; encrypted-media; gyroscope; picture-in-picture\" allowfullscreen><\/iframe>\n<\/div><\/figure>\n ","protected":false},"excerpt":{"rendered":"<p>Como cada ano dende o CAPM de Mondariz non pod\u00edamos deixar de festexar o Sama\u00edn. Este ano foi dun xeito tradicional, recordando vellas costumes vencelladas \u00f3 medo. Para elo, contamos <a class=\"more-link\" href=\"https:\/\/ocentrodedianacasa.igualdadebenestar.org\/?p=3883\">Continue Reading &rarr;<\/a><\/p>\n","protected":false},"author":3,"featured_media":0,"comment_status":"open","ping_status":"open","sticky":false,"template":"","format":"standard","meta":[],"categories":[44],"tags":[],"post_mailing_queue_ids":[],"_links":{"self":[{"href":"https:\/\/ocentrodedianacasa.igualdadebenestar.org\/index.php?rest_route=\/wp\/v2\/posts\/3883"}],"collection":[{"href":"https:\/\/ocentrodedianacasa.igualdadebenestar.org\/index.php?rest_route=\/wp\/v2\/posts"}],"about":[{"href":"https:\/\/ocentrodedianacasa.igualdadebenestar.org\/index.php?rest_route=\/wp\/v2\/types\/post"}],"author":[{"embeddable":true,"href":"https:\/\/ocentrodedianacasa.igualdadebenestar.org\/index.php?rest_route=\/wp\/v2\/users\/3"}],"replies":[{"embeddable":true,"href":"https:\/\/ocentrodedianacasa.igualdadebenestar.org\/index.php?rest_route=%2Fwp%2Fv2%2Fcomments&post=3883"}],"version-history":[{"count":4,"href":"https:\/\/ocentrodedianacasa.igualdadebenestar.org\/index.php?rest_route=\/wp\/v2\/posts\/3883\/revisions"}],"predecessor-version":[{"id":3891,"href":"https:\/\/ocentrodedianacasa.igualdadebenestar.org\/index.php?rest_route=\/wp\/v2\/posts\/3883\/revisions\/3891"}],"wp:attachment":[{"href":"https:\/\/ocentrodedianacasa.igualdadebenestar.org\/index.php?rest_route=%2Fwp%2Fv2%2Fmedia&parent=3883"}],"wp:term":[{"taxonomy":"category","embeddable":true,"href":"https:\/\/ocentrodedianacasa.igualdadebenestar.org\/index.php?rest_route=%2Fwp%2Fv2%2Fcategories&post=3883"},{"taxonomy":"post_tag","embeddable":true,"href":"https:\/\/ocentrodedianacasa.igualdadebenestar.org\/index.php?rest_route=%2Fwp%2Fv2%2Ftags&post=3883"}],"curies":[{"name":"wp","href":"https:\/\/api.w.org\/{rel}","templated":true}]}}