{"id":3871,"date":"2022-11-25T13:03:00","date_gmt":"2022-11-25T12:03:00","guid":{"rendered":"https:\/\/ocentrodedianacasa.igualdadebenestar.org\/?p=3871"},"modified":"2022-11-28T13:15:58","modified_gmt":"2022-11-28T12:15:58","slug":"dia-internacional-da-eliminacion-da-violencia-contra-a-muller-dende-o-centro-de-dia-de-cambados","status":"publish","type":"post","link":"https:\/\/ocentrodedianacasa.igualdadebenestar.org\/?p=3871","title":{"rendered":"D\u00eda internacional da Eliminaci\u00f3n da Violencia contra a Muller"},"content":{"rendered":"\n<p>Neste d\u00eda tan importante, nos centros de d\u00eda do Consorcio fix\u00e9ronse multitude de actividades e actos. Aqu\u00ed amosamos alg\u00fans.<\/p>\n\n\n\n<ul><li><strong>Dende  o centro de d\u00eda de Cambados<\/strong><\/li><\/ul>\n\n\n\n<p>A celebraci\u00f3n das datas sinaladas \u00e9 fundamental para diversas esferas dentro da vida das persoas maiores. As\u00ed mesmo, a colaboraci\u00f3n con outros axentes sociais como \u00e9 o colexio, aporta significado \u00e1 vida das persoas usuarias. As actividades interxeracionais fomentan a solidariedade entre as diferentes xeraci\u00f3ns, reducen a discriminaci\u00f3n cara a vellez e fan que compartan os seus valores.<\/p>\n\n\n\n<p>Para conmemorar o d\u00eda Internacional da eliminaci\u00f3n da violencia contra a muller decidimos realizar unha actividade conxunta cos rapaces do colexio San Tom\u00e9, onde creamos un mural reivindicativo co gallo deste d\u00eda.<\/p>\n\n\n\n<p>Os rapaces propuxeron marcar con rotulador a forma da man das persoas maiores. Posteriormente as persoas usuarias recortaron a silueta e coloc\u00e1rono no panel que ti\u00f1amos, onde os rapaces xa colocaran as s\u00faas figuras, pegamos tam\u00e9n o logo do colexio e a foto do centro de d\u00eda. O mural realizado est\u00e1 exposto no Paseo da Calzada do noso pobo.<\/p>\n\n\n\n<p>Tras finalizar, aproveitamos para realizar un pequeno faladoiro onde tanto os rapaces como as persoas usuarias ofrec\u00edan os seus puntos de vista sobre este tema. A actividade tivo moi boa acollida.<\/p>\n\n\n\n<p>A continuaci\u00f3n ensin\u00e1mosvos algunhas imaxes do proceso de elaboraci\u00f3n, as\u00ed como tam\u00e9n o resultado final.<\/p>\n\n\n\n<figure class=\"wp-block-gallery columns-3 is-cropped\"><ul class=\"blocks-gallery-grid\"><li class=\"blocks-gallery-item\"><figure><img loading=\"lazy\" width=\"1024\" height=\"768\" src=\"https:\/\/ocentrodedianacasa.igualdadebenestar.org\/wp-content\/uploads\/2022\/11\/CAPMCAMBADOS_4-1024x768.jpeg\" alt=\"\" data-id=\"3872\" data-full-url=\"https:\/\/ocentrodedianacasa.igualdadebenestar.org\/wp-content\/uploads\/2022\/11\/CAPMCAMBADOS_4.jpeg\" data-link=\"https:\/\/ocentrodedianacasa.igualdadebenestar.org\/?attachment_id=3872\" class=\"wp-image-3872\" srcset=\"https:\/\/ocentrodedianacasa.igualdadebenestar.org\/wp-content\/uploads\/2022\/11\/CAPMCAMBADOS_4-1024x768.jpeg 1024w, https:\/\/ocentrodedianacasa.igualdadebenestar.org\/wp-content\/uploads\/2022\/11\/CAPMCAMBADOS_4-300x225.jpeg 300w, https:\/\/ocentrodedianacasa.igualdadebenestar.org\/wp-content\/uploads\/2022\/11\/CAPMCAMBADOS_4-768x576.jpeg 768w, https:\/\/ocentrodedianacasa.igualdadebenestar.org\/wp-content\/uploads\/2022\/11\/CAPMCAMBADOS_4-1536x1152.jpeg 1536w, https:\/\/ocentrodedianacasa.igualdadebenestar.org\/wp-content\/uploads\/2022\/11\/CAPMCAMBADOS_4.jpeg 2048w\" sizes=\"(max-width: 1024px) 100vw, 1024px\" \/><\/figure><\/li><li class=\"blocks-gallery-item\"><figure><img loading=\"lazy\" width=\"768\" height=\"1024\" src=\"https:\/\/ocentrodedianacasa.igualdadebenestar.org\/wp-content\/uploads\/2022\/11\/CAPMCAMBADOS_3-768x1024.jpeg\" alt=\"\" data-id=\"3873\" data-full-url=\"https:\/\/ocentrodedianacasa.igualdadebenestar.org\/wp-content\/uploads\/2022\/11\/CAPMCAMBADOS_3.jpeg\" data-link=\"https:\/\/ocentrodedianacasa.igualdadebenestar.org\/?attachment_id=3873\" class=\"wp-image-3873\" srcset=\"https:\/\/ocentrodedianacasa.igualdadebenestar.org\/wp-content\/uploads\/2022\/11\/CAPMCAMBADOS_3-768x1024.jpeg 768w, https:\/\/ocentrodedianacasa.igualdadebenestar.org\/wp-content\/uploads\/2022\/11\/CAPMCAMBADOS_3-225x300.jpeg 225w, https:\/\/ocentrodedianacasa.igualdadebenestar.org\/wp-content\/uploads\/2022\/11\/CAPMCAMBADOS_3-1152x1536.jpeg 1152w, https:\/\/ocentrodedianacasa.igualdadebenestar.org\/wp-content\/uploads\/2022\/11\/CAPMCAMBADOS_3.jpeg 1536w\" sizes=\"(max-width: 768px) 100vw, 768px\" \/><\/figure><\/li><li class=\"blocks-gallery-item\"><figure><img loading=\"lazy\" width=\"1005\" height=\"1024\" src=\"https:\/\/ocentrodedianacasa.igualdadebenestar.org\/wp-content\/uploads\/2022\/11\/CAPMCAMBADOS_2-1005x1024.jpeg\" alt=\"\" data-id=\"3874\" data-full-url=\"https:\/\/ocentrodedianacasa.igualdadebenestar.org\/wp-content\/uploads\/2022\/11\/CAPMCAMBADOS_2.jpeg\" data-link=\"https:\/\/ocentrodedianacasa.igualdadebenestar.org\/?attachment_id=3874\" class=\"wp-image-3874\" srcset=\"https:\/\/ocentrodedianacasa.igualdadebenestar.org\/wp-content\/uploads\/2022\/11\/CAPMCAMBADOS_2-1005x1024.jpeg 1005w, https:\/\/ocentrodedianacasa.igualdadebenestar.org\/wp-content\/uploads\/2022\/11\/CAPMCAMBADOS_2-294x300.jpeg 294w, https:\/\/ocentrodedianacasa.igualdadebenestar.org\/wp-content\/uploads\/2022\/11\/CAPMCAMBADOS_2-768x783.jpeg 768w, https:\/\/ocentrodedianacasa.igualdadebenestar.org\/wp-content\/uploads\/2022\/11\/CAPMCAMBADOS_2-1508x1536.jpeg 1508w, https:\/\/ocentrodedianacasa.igualdadebenestar.org\/wp-content\/uploads\/2022\/11\/CAPMCAMBADOS_2.jpeg 1536w\" sizes=\"(max-width: 1005px) 100vw, 1005px\" \/><\/figure><\/li><li class=\"blocks-gallery-item\"><figure><img loading=\"lazy\" width=\"1024\" height=\"768\" src=\"https:\/\/ocentrodedianacasa.igualdadebenestar.org\/wp-content\/uploads\/2022\/11\/CAPMCAMBADOS_1-1024x768.jpeg\" alt=\"\" data-id=\"3875\" data-full-url=\"https:\/\/ocentrodedianacasa.igualdadebenestar.org\/wp-content\/uploads\/2022\/11\/CAPMCAMBADOS_1.jpeg\" data-link=\"https:\/\/ocentrodedianacasa.igualdadebenestar.org\/?attachment_id=3875\" class=\"wp-image-3875\" srcset=\"https:\/\/ocentrodedianacasa.igualdadebenestar.org\/wp-content\/uploads\/2022\/11\/CAPMCAMBADOS_1-1024x768.jpeg 1024w, https:\/\/ocentrodedianacasa.igualdadebenestar.org\/wp-content\/uploads\/2022\/11\/CAPMCAMBADOS_1-300x225.jpeg 300w, https:\/\/ocentrodedianacasa.igualdadebenestar.org\/wp-content\/uploads\/2022\/11\/CAPMCAMBADOS_1-768x576.jpeg 768w, https:\/\/ocentrodedianacasa.igualdadebenestar.org\/wp-content\/uploads\/2022\/11\/CAPMCAMBADOS_1-1536x1152.jpeg 1536w, https:\/\/ocentrodedianacasa.igualdadebenestar.org\/wp-content\/uploads\/2022\/11\/CAPMCAMBADOS_1.jpeg 2048w\" sizes=\"(max-width: 1024px) 100vw, 1024px\" \/><\/figure><\/li><\/ul><\/figure>\n\n\n\n<ul><li><strong>Dende o centro de d\u00eda de Begonte<\/strong><\/li><\/ul>\n\n\n\n<p>Visibilizaci\u00f3n do d\u00eda internacional en contra da violencia de x\u00e9nero. Levouse a cabo un debate en torno a esta problem\u00e1tica social e realizouse unha fotograf\u00eda de persoas usuarias e traballadoras cos xestos e carteis amosando a repulsa a este tipo de violencia para a posterior visibilizaci\u00f3n nas redes sociais do concello de Begonte.<\/p>\n\n\n\n<p>A valoraci\u00f3n da actividade foi positiva o sentirse part\u00edcipes da comunidade aportando o seu gran de area en relaci\u00f3n a amosar a s\u00faa repulsa a violencia de x\u00e9nero.<\/p>\n\n\n\n<figure class=\"wp-block-gallery columns-1 is-cropped\"><ul class=\"blocks-gallery-grid\"><li class=\"blocks-gallery-item\"><figure><img loading=\"lazy\" width=\"1024\" height=\"768\" src=\"https:\/\/ocentrodedianacasa.igualdadebenestar.org\/wp-content\/uploads\/2022\/11\/FOTO-25-N.jpeg\" alt=\"\" data-id=\"3877\" data-full-url=\"https:\/\/ocentrodedianacasa.igualdadebenestar.org\/wp-content\/uploads\/2022\/11\/FOTO-25-N.jpeg\" data-link=\"https:\/\/ocentrodedianacasa.igualdadebenestar.org\/?attachment_id=3877\" class=\"wp-image-3877\" srcset=\"https:\/\/ocentrodedianacasa.igualdadebenestar.org\/wp-content\/uploads\/2022\/11\/FOTO-25-N.jpeg 1024w, https:\/\/ocentrodedianacasa.igualdadebenestar.org\/wp-content\/uploads\/2022\/11\/FOTO-25-N-300x225.jpeg 300w, https:\/\/ocentrodedianacasa.igualdadebenestar.org\/wp-content\/uploads\/2022\/11\/FOTO-25-N-768x576.jpeg 768w\" sizes=\"(max-width: 1024px) 100vw, 1024px\" \/><\/figure><\/li><\/ul><\/figure>\n\n\n\n<ul><li><strong>Dende o centro de d\u00eda de Cospeito<\/strong><\/li><\/ul>\n\n\n\n<p>Polas \u00e9pocas e os modos de crianza, as ideas que conforman a sociedade a trav\u00e9s das diversas xeraci\u00f3ns son moi diferentes. Sen embargo, isto non implica que non te\u00f1amos a capacidade de cambiar e aprender novas formas de pensamento.<\/p>\n\n\n\n<p>As\u00ed, dende o centro de d\u00eda de Cospeito sempre se traballa en prol da igualdade, e por suposto, remarcamos esta li\u00f1a de traballo nestas datas.<\/p>\n\n\n\n<p>Neste 2022, para conmemorar o 25 de novembro, traballamos coas persoas usuarias a orixe e o significado desta data, as\u00ed como diversos talleres nos que remarcamos a importancia do bo trato en todos os \u00e1mbitos da nosa vida, e identificamos aqueles comportamentos que son nocivos.<\/p>\n\n\n\n<p>Ademais, grazas \u00e1 contribuci\u00f3n de Marti\u00f1o Maseda (poeta e fillo dunha persoa usuaria), o cal nos facilitou o seu poema \u201cSempre te quererei\u201d para traballar sobre as relaci\u00f3ns de abuso, elaboramos un v\u00eddeo no cal recitamos e representamos este poema para reivindicar o 25 de novembro.<\/p>\n\n\n\n<p>As\u00ed mesmo, dende o Concello de Cospeito promoveron unha serie de actividades para conmemorar esta data, e desfrutamos enormemente participando nelas. Por unha banda, participamos no concurso de imaxes contra a violencia de x\u00e9nero, co noso lema \u201cA igualdade non ten idade\u201d e, pese a que non ga\u00f1amos, quedamos moi satisfeitos coa gran acollida que tivo.<\/p>\n\n\n\n<p>Finalmente, un grupo de usuarias e persoal do centro participamos no curso de autodefensa para mulleres, no cal aprendemos diversas t\u00e9cnicas moi sinxelas para sa\u00edr de situaci\u00f3ns violentas que todas poder\u00edamos desenvolver sen necesidade de ter uns co\u00f1ecementos espec\u00edficos en autodefensa. As\u00ed mesmo, nesta formaci\u00f3n agasall\u00f3usenos cun pano coa imaxe de Rosal\u00eda de Castro, quedando todas as persoas participantes moi agradecidas.<\/p>\n\n\n\n<figure class=\"wp-block-embed-youtube wp-block-embed is-type-video is-provider-youtube wp-embed-aspect-16-9 wp-has-aspect-ratio\"><div class=\"wp-block-embed__wrapper\">\n<iframe title=\"25N-Contra a violencia machista no CAPM Cospeito\" width=\"678\" height=\"381\" src=\"https:\/\/www.youtube.com\/embed\/7NKD3cdZOIc?feature=oembed\" frameborder=\"0\" allow=\"accelerometer; autoplay; clipboard-write; encrypted-media; gyroscope; picture-in-picture\" allowfullscreen><\/iframe>\n<\/div><\/figure>\n ","protected":false},"excerpt":{"rendered":"<p>Neste d\u00eda tan importante, nos centros de d\u00eda do Consorcio fix\u00e9ronse multitude de actividades e actos. Aqu\u00ed amosamos alg\u00fans. Dende o centro de d\u00eda de Cambados A celebraci\u00f3n das datas <a class=\"more-link\" href=\"https:\/\/ocentrodedianacasa.igualdadebenestar.org\/?p=3871\">Continue Reading &rarr;<\/a><\/p>\n","protected":false},"author":3,"featured_media":0,"comment_status":"open","ping_status":"open","sticky":false,"template":"","format":"standard","meta":[],"categories":[44],"tags":[],"post_mailing_queue_ids":[],"_links":{"self":[{"href":"https:\/\/ocentrodedianacasa.igualdadebenestar.org\/index.php?rest_route=\/wp\/v2\/posts\/3871"}],"collection":[{"href":"https:\/\/ocentrodedianacasa.igualdadebenestar.org\/index.php?rest_route=\/wp\/v2\/posts"}],"about":[{"href":"https:\/\/ocentrodedianacasa.igualdadebenestar.org\/index.php?rest_route=\/wp\/v2\/types\/post"}],"author":[{"embeddable":true,"href":"https:\/\/ocentrodedianacasa.igualdadebenestar.org\/index.php?rest_route=\/wp\/v2\/users\/3"}],"replies":[{"embeddable":true,"href":"https:\/\/ocentrodedianacasa.igualdadebenestar.org\/index.php?rest_route=%2Fwp%2Fv2%2Fcomments&post=3871"}],"version-history":[{"count":5,"href":"https:\/\/ocentrodedianacasa.igualdadebenestar.org\/index.php?rest_route=\/wp\/v2\/posts\/3871\/revisions"}],"predecessor-version":[{"id":3882,"href":"https:\/\/ocentrodedianacasa.igualdadebenestar.org\/index.php?rest_route=\/wp\/v2\/posts\/3871\/revisions\/3882"}],"wp:attachment":[{"href":"https:\/\/ocentrodedianacasa.igualdadebenestar.org\/index.php?rest_route=%2Fwp%2Fv2%2Fmedia&parent=3871"}],"wp:term":[{"taxonomy":"category","embeddable":true,"href":"https:\/\/ocentrodedianacasa.igualdadebenestar.org\/index.php?rest_route=%2Fwp%2Fv2%2Fcategories&post=3871"},{"taxonomy":"post_tag","embeddable":true,"href":"https:\/\/ocentrodedianacasa.igualdadebenestar.org\/index.php?rest_route=%2Fwp%2Fv2%2Ftags&post=3871"}],"curies":[{"name":"wp","href":"https:\/\/api.w.org\/{rel}","templated":true}]}}