{"id":3799,"date":"2022-11-25T00:03:00","date_gmt":"2022-11-24T23:03:00","guid":{"rendered":"https:\/\/ocentrodedianacasa.igualdadebenestar.org\/?p=3799"},"modified":"2022-11-15T14:34:38","modified_gmt":"2022-11-15T13:34:38","slug":"celebramos-o-samain-no-capm-de-cospeito","status":"publish","type":"post","link":"https:\/\/ocentrodedianacasa.igualdadebenestar.org\/?p=3799","title":{"rendered":"Celebramos o Sama\u00edn no CAPM de Cospeito"},"content":{"rendered":"\n<p>As celebraci\u00f3ns sempre son do agrado de todos, e as persoas usuarias do centro de d\u00eda de Cospeito non se quedan atr\u00e1s! As\u00ed, nunca perdemos a oportunidade de festexar, polo que para este Sama\u00edn planificamos unha serie de actividades para decorar o noso centro e conmemorar esta data.<\/p>\n\n\n\n<p>Durante o mes de outubro preparamos unha ara\u00f1a terror\u00edfica que foi a sensaci\u00f3n do momento, as\u00ed como unha actuaci\u00f3n musical cos seus respectivos disfraces, e uns agasallos para o alumnado do CPI Virxe do Monte, o cal nos visitou os d\u00edas 2 e 3 de novembro para preparar todos xuntos o resto da decoraci\u00f3n de Sama\u00edn para o centro de d\u00eda.<\/p>\n\n\n\n<p>As\u00ed mesmo, o 28 de outubro n\u00f3s mesmos subimos ao colexio para visitar e desfrutar da s\u00faa exposici\u00f3n de l\u00e1mpadas de Sama\u00edn, as cales nos sorprenderon pola s\u00faa orixinalidade e o moito que traballaron.<\/p>\n\n\n\n<p>As actividades interxeracionais sempre son moi ben recibidas tanto polos m\u00e1is novos como polas persoas usuarias do centro, e esta non se quedou atr\u00e1s. Esperamos poder repetir axi\u00f1a outra reuni\u00f3n deste tipo, posto que sempre son unha fonte de entretemento e diversi\u00f3n!<\/p>\n\n\n\n<div class=\"wp-block-image\"><figure class=\"alignleft size-large is-resized\"><img loading=\"lazy\" src=\"https:\/\/ocentrodedianacasa.igualdadebenestar.org\/wp-content\/uploads\/2022\/11\/Arana.png\" alt=\"\" class=\"wp-image-3800\" width=\"249\" height=\"249\" srcset=\"https:\/\/ocentrodedianacasa.igualdadebenestar.org\/wp-content\/uploads\/2022\/11\/Arana.png 800w, https:\/\/ocentrodedianacasa.igualdadebenestar.org\/wp-content\/uploads\/2022\/11\/Arana-300x300.png 300w, https:\/\/ocentrodedianacasa.igualdadebenestar.org\/wp-content\/uploads\/2022\/11\/Arana-150x150.png 150w, https:\/\/ocentrodedianacasa.igualdadebenestar.org\/wp-content\/uploads\/2022\/11\/Arana-768x768.png 768w\" sizes=\"(max-width: 249px) 100vw, 249px\" \/><\/figure><\/div>\n\n\n\n<figure class=\"wp-block-image size-large is-resized\"><img loading=\"lazy\" src=\"https:\/\/ocentrodedianacasa.igualdadebenestar.org\/wp-content\/uploads\/2022\/11\/Visita-4o-EP.png\" alt=\"\" class=\"wp-image-3801\" width=\"351\" height=\"351\" srcset=\"https:\/\/ocentrodedianacasa.igualdadebenestar.org\/wp-content\/uploads\/2022\/11\/Visita-4o-EP.png 800w, https:\/\/ocentrodedianacasa.igualdadebenestar.org\/wp-content\/uploads\/2022\/11\/Visita-4o-EP-300x300.png 300w, https:\/\/ocentrodedianacasa.igualdadebenestar.org\/wp-content\/uploads\/2022\/11\/Visita-4o-EP-150x150.png 150w, https:\/\/ocentrodedianacasa.igualdadebenestar.org\/wp-content\/uploads\/2022\/11\/Visita-4o-EP-768x768.png 768w\" sizes=\"(max-width: 351px) 100vw, 351px\" \/><\/figure>\n\n\n\n<div class=\"wp-block-image\"><figure class=\"alignleft size-large is-resized\"><img loading=\"lazy\" src=\"https:\/\/ocentrodedianacasa.igualdadebenestar.org\/wp-content\/uploads\/2022\/11\/Visita-5o-EP.png\" alt=\"\" class=\"wp-image-3803\" width=\"295\" height=\"295\" srcset=\"https:\/\/ocentrodedianacasa.igualdadebenestar.org\/wp-content\/uploads\/2022\/11\/Visita-5o-EP.png 800w, https:\/\/ocentrodedianacasa.igualdadebenestar.org\/wp-content\/uploads\/2022\/11\/Visita-5o-EP-300x300.png 300w, https:\/\/ocentrodedianacasa.igualdadebenestar.org\/wp-content\/uploads\/2022\/11\/Visita-5o-EP-150x150.png 150w, https:\/\/ocentrodedianacasa.igualdadebenestar.org\/wp-content\/uploads\/2022\/11\/Visita-5o-EP-768x768.png 768w\" sizes=\"(max-width: 295px) 100vw, 295px\" \/><\/figure><\/div>\n\n\n\n<figure class=\"wp-block-image size-large is-resized\"><img loading=\"lazy\" src=\"https:\/\/ocentrodedianacasa.igualdadebenestar.org\/wp-content\/uploads\/2022\/11\/Agasallos.png\" alt=\"\" class=\"wp-image-3804\" width=\"241\" height=\"241\" srcset=\"https:\/\/ocentrodedianacasa.igualdadebenestar.org\/wp-content\/uploads\/2022\/11\/Agasallos.png 800w, https:\/\/ocentrodedianacasa.igualdadebenestar.org\/wp-content\/uploads\/2022\/11\/Agasallos-300x300.png 300w, https:\/\/ocentrodedianacasa.igualdadebenestar.org\/wp-content\/uploads\/2022\/11\/Agasallos-150x150.png 150w, https:\/\/ocentrodedianacasa.igualdadebenestar.org\/wp-content\/uploads\/2022\/11\/Agasallos-768x768.png 768w\" sizes=\"(max-width: 241px) 100vw, 241px\" \/><\/figure>\n\n\n\n<div class=\"wp-block-image\"><figure class=\"aligncenter size-large is-resized\"><img loading=\"lazy\" src=\"https:\/\/ocentrodedianacasa.igualdadebenestar.org\/wp-content\/uploads\/2022\/11\/Visita-ao-colexio.png\" alt=\"\" class=\"wp-image-3808\" width=\"400\" height=\"400\" srcset=\"https:\/\/ocentrodedianacasa.igualdadebenestar.org\/wp-content\/uploads\/2022\/11\/Visita-ao-colexio.png 800w, https:\/\/ocentrodedianacasa.igualdadebenestar.org\/wp-content\/uploads\/2022\/11\/Visita-ao-colexio-300x300.png 300w, https:\/\/ocentrodedianacasa.igualdadebenestar.org\/wp-content\/uploads\/2022\/11\/Visita-ao-colexio-150x150.png 150w, https:\/\/ocentrodedianacasa.igualdadebenestar.org\/wp-content\/uploads\/2022\/11\/Visita-ao-colexio-768x768.png 768w\" sizes=\"(max-width: 400px) 100vw, 400px\" \/><\/figure><\/div>\n ","protected":false},"excerpt":{"rendered":"<p>As celebraci\u00f3ns sempre son do agrado de todos, e as persoas usuarias do centro de d\u00eda de Cospeito non se quedan atr\u00e1s! As\u00ed, nunca perdemos a oportunidade de festexar, polo <a class=\"more-link\" href=\"https:\/\/ocentrodedianacasa.igualdadebenestar.org\/?p=3799\">Continue Reading &rarr;<\/a><\/p>\n","protected":false},"author":5,"featured_media":0,"comment_status":"open","ping_status":"open","sticky":false,"template":"","format":"standard","meta":[],"categories":[44,66],"tags":[],"post_mailing_queue_ids":[],"_links":{"self":[{"href":"https:\/\/ocentrodedianacasa.igualdadebenestar.org\/index.php?rest_route=\/wp\/v2\/posts\/3799"}],"collection":[{"href":"https:\/\/ocentrodedianacasa.igualdadebenestar.org\/index.php?rest_route=\/wp\/v2\/posts"}],"about":[{"href":"https:\/\/ocentrodedianacasa.igualdadebenestar.org\/index.php?rest_route=\/wp\/v2\/types\/post"}],"author":[{"embeddable":true,"href":"https:\/\/ocentrodedianacasa.igualdadebenestar.org\/index.php?rest_route=\/wp\/v2\/users\/5"}],"replies":[{"embeddable":true,"href":"https:\/\/ocentrodedianacasa.igualdadebenestar.org\/index.php?rest_route=%2Fwp%2Fv2%2Fcomments&post=3799"}],"version-history":[{"count":6,"href":"https:\/\/ocentrodedianacasa.igualdadebenestar.org\/index.php?rest_route=\/wp\/v2\/posts\/3799\/revisions"}],"predecessor-version":[{"id":3811,"href":"https:\/\/ocentrodedianacasa.igualdadebenestar.org\/index.php?rest_route=\/wp\/v2\/posts\/3799\/revisions\/3811"}],"wp:attachment":[{"href":"https:\/\/ocentrodedianacasa.igualdadebenestar.org\/index.php?rest_route=%2Fwp%2Fv2%2Fmedia&parent=3799"}],"wp:term":[{"taxonomy":"category","embeddable":true,"href":"https:\/\/ocentrodedianacasa.igualdadebenestar.org\/index.php?rest_route=%2Fwp%2Fv2%2Fcategories&post=3799"},{"taxonomy":"post_tag","embeddable":true,"href":"https:\/\/ocentrodedianacasa.igualdadebenestar.org\/index.php?rest_route=%2Fwp%2Fv2%2Ftags&post=3799"}],"curies":[{"name":"wp","href":"https:\/\/api.w.org\/{rel}","templated":true}]}}