{"id":3784,"date":"2022-11-25T00:15:00","date_gmt":"2022-11-24T23:15:00","guid":{"rendered":"https:\/\/ocentrodedianacasa.igualdadebenestar.org\/?p=3784"},"modified":"2022-11-15T13:55:45","modified_gmt":"2022-11-15T12:55:45","slug":"magosto-no-centro-de-culleredo","status":"publish","type":"post","link":"https:\/\/ocentrodedianacasa.igualdadebenestar.org\/?p=3784","title":{"rendered":"MAGOSTO NO CENTRO DE CULLEREDO"},"content":{"rendered":"\n<p>E chegou o Magosto!<\/p>\n\n\n\n<p>E o que nos gusta unha festa&#8230;.<\/p>\n\n\n\n<p>No Centro de D\u00eda de Culleredo celebr\u00e1molo por todo o alto, aproveitando a ocasi\u00f3n para celebrar unha xornada de portas abertas chamada O MAGOSTO M\u00c1XICO.<\/p>\n\n\n\n<p>Grazas \u00e1 colaboraci\u00f3n desinteresada do MAGO MARCOS P\u00cdAS e o seu equipo, pasamos unha xornada m\u00e1xica. Un espect\u00e1culo de maxia incrible, que nos deixou a todos coa boca aberta e con ganas de m\u00e1is. Foi unha funci\u00f3n moi entretida, moi din\u00e1mica co p\u00fablico, que permitiu \u00e1s nosas persoas usuarias e as s\u00faas familias desfrutar e participar activamente.<\/p>\n\n\n\n<p>Actuaci\u00f3n s\u00faper recomendada se queredes pasar un momento incrible, permitindo unha participaci\u00f3n activa que permite pasar a ser parte do show!<\/p>\n\n\n\n<p>S E N  P A L A B R A S<\/p>\n\n\n\n<p>A xornada complet\u00e1mola cun piscolabis ambientado nesta festividade, con m\u00fasica, baile, e aproveitando para ensinarlle os nosos traballos \u00e1s familias e pasar un momento moi agradable xuntos.<\/p>\n\n\n\n<p>Aqu\u00ed vos deixamos un video dalg\u00fans dos momentos vividos.<\/p>\n\n\n\n<p><a href=\"https:\/\/youtu.be\/ZmDCswnsSSE\">https:\/\/youtu.be\/ZmDCswnsSSE<\/a><\/p>\n\n\n\n<p><\/p>\n ","protected":false},"excerpt":{"rendered":"<p>E chegou o Magosto! E o que nos gusta unha festa&#8230;. No Centro de D\u00eda de Culleredo celebr\u00e1molo por todo o alto, aproveitando a ocasi\u00f3n para celebrar unha xornada de <a class=\"more-link\" href=\"https:\/\/ocentrodedianacasa.igualdadebenestar.org\/?p=3784\">Continue Reading &rarr;<\/a><\/p>\n","protected":false},"author":5,"featured_media":0,"comment_status":"open","ping_status":"open","sticky":false,"template":"","format":"standard","meta":[],"categories":[44,66],"tags":[],"post_mailing_queue_ids":[],"_links":{"self":[{"href":"https:\/\/ocentrodedianacasa.igualdadebenestar.org\/index.php?rest_route=\/wp\/v2\/posts\/3784"}],"collection":[{"href":"https:\/\/ocentrodedianacasa.igualdadebenestar.org\/index.php?rest_route=\/wp\/v2\/posts"}],"about":[{"href":"https:\/\/ocentrodedianacasa.igualdadebenestar.org\/index.php?rest_route=\/wp\/v2\/types\/post"}],"author":[{"embeddable":true,"href":"https:\/\/ocentrodedianacasa.igualdadebenestar.org\/index.php?rest_route=\/wp\/v2\/users\/5"}],"replies":[{"embeddable":true,"href":"https:\/\/ocentrodedianacasa.igualdadebenestar.org\/index.php?rest_route=%2Fwp%2Fv2%2Fcomments&post=3784"}],"version-history":[{"count":7,"href":"https:\/\/ocentrodedianacasa.igualdadebenestar.org\/index.php?rest_route=\/wp\/v2\/posts\/3784\/revisions"}],"predecessor-version":[{"id":3798,"href":"https:\/\/ocentrodedianacasa.igualdadebenestar.org\/index.php?rest_route=\/wp\/v2\/posts\/3784\/revisions\/3798"}],"wp:attachment":[{"href":"https:\/\/ocentrodedianacasa.igualdadebenestar.org\/index.php?rest_route=%2Fwp%2Fv2%2Fmedia&parent=3784"}],"wp:term":[{"taxonomy":"category","embeddable":true,"href":"https:\/\/ocentrodedianacasa.igualdadebenestar.org\/index.php?rest_route=%2Fwp%2Fv2%2Fcategories&post=3784"},{"taxonomy":"post_tag","embeddable":true,"href":"https:\/\/ocentrodedianacasa.igualdadebenestar.org\/index.php?rest_route=%2Fwp%2Fv2%2Ftags&post=3784"}],"curies":[{"name":"wp","href":"https:\/\/api.w.org\/{rel}","templated":true}]}}