{"id":3764,"date":"2022-11-25T00:00:19","date_gmt":"2022-11-24T23:00:19","guid":{"rendered":"https:\/\/ocentrodedianacasa.igualdadebenestar.org\/?p=3764"},"modified":"2022-11-07T12:24:55","modified_gmt":"2022-11-07T11:24:55","slug":"undecimo-aniversario-do-centro-de-dia-ferrol-caranza","status":"publish","type":"post","link":"https:\/\/ocentrodedianacasa.igualdadebenestar.org\/?p=3764","title":{"rendered":"Und\u00e9cimo Aniversario do centro de d\u00eda Ferrol-Caranza"},"content":{"rendered":"\n<p class=\"has-text-align-left\">O Centro de d\u00eda Ferrol-Caranza, iniciou a s\u00faa andadura o 21 de outubro de 2011.<br>Despois de dous anos sen celebraci\u00f3n debido a pandemia sanitaria o 3 de novembro celebramos o und\u00e9cimo aniversario do centro coa actuaci\u00f3n da \u201cRondalla de Bri\u00f3n\u201d que nos deleitou con pezas musicais de gran calidade.<br>Na celebraci\u00f3n participaron, as persoas usuarias, familiares, membros da<br>comunidade e traballadoras que festexaron o aniversario do centro . Foi unha ma\u00f1\u00e1 moi agradable e divertida con un psicolabis especial e un agasallo conmemorativo realizado polas persoas usuarias<br>Ademais continuaremos con m\u00e1is actos festivos, xa que ma\u00f1\u00e1 celebraremos un encontro interxeneracional cos alumnos do instituto Rodolfo Ucha do barrio de Caranza que acudir\u00e1n a realizar unha clase de xerontoximnasia musical .<br>Os Centros de D\u00eda definense como centros xerontol\u00f3xicos socio-terap\u00e9uticos e de apoio \u00e1s familias que durante o d\u00eda prestan atenci\u00f3n terap\u00e9utica integral e plural \u00e1s personas<br>maiores con dependencia ou en grave risco de padecela, promovendo a s\u00faa autonom\u00eda persoal, a actividade relacional e a permanencia no contorno habitual.<\/p>\n\n\n\n<div class=\"wp-block-image\"><figure class=\"alignleft size-large is-resized\"><img loading=\"lazy\" src=\"https:\/\/ocentrodedianacasa.igualdadebenestar.org\/wp-content\/uploads\/2022\/11\/aniversario_1-1024x473.jpg\" alt=\"\" class=\"wp-image-3765\" width=\"439\" height=\"202\" srcset=\"https:\/\/ocentrodedianacasa.igualdadebenestar.org\/wp-content\/uploads\/2022\/11\/aniversario_1-1024x473.jpg 1024w, https:\/\/ocentrodedianacasa.igualdadebenestar.org\/wp-content\/uploads\/2022\/11\/aniversario_1-300x139.jpg 300w, https:\/\/ocentrodedianacasa.igualdadebenestar.org\/wp-content\/uploads\/2022\/11\/aniversario_1-768x355.jpg 768w, https:\/\/ocentrodedianacasa.igualdadebenestar.org\/wp-content\/uploads\/2022\/11\/aniversario_1-1536x710.jpg 1536w, https:\/\/ocentrodedianacasa.igualdadebenestar.org\/wp-content\/uploads\/2022\/11\/aniversario_1.jpg 2048w\" sizes=\"(max-width: 439px) 100vw, 439px\" \/><\/figure><\/div>\n\n\n\n<div class=\"wp-block-image\"><figure class=\"alignleft size-large is-resized\"><img loading=\"lazy\" src=\"https:\/\/ocentrodedianacasa.igualdadebenestar.org\/wp-content\/uploads\/2022\/11\/aniversario_2-1024x473.jpg\" alt=\"\" class=\"wp-image-3766\" width=\"484\" height=\"222\"\/><\/figure><\/div>\n\n\n\n<figure class=\"wp-block-image size-large is-resized\"><img loading=\"lazy\" src=\"https:\/\/ocentrodedianacasa.igualdadebenestar.org\/wp-content\/uploads\/2022\/11\/aniversario_3-473x1024.jpg\" alt=\"\" class=\"wp-image-3767\" width=\"285\" height=\"616\" srcset=\"https:\/\/ocentrodedianacasa.igualdadebenestar.org\/wp-content\/uploads\/2022\/11\/aniversario_3-473x1024.jpg 473w, https:\/\/ocentrodedianacasa.igualdadebenestar.org\/wp-content\/uploads\/2022\/11\/aniversario_3-139x300.jpg 139w, https:\/\/ocentrodedianacasa.igualdadebenestar.org\/wp-content\/uploads\/2022\/11\/aniversario_3-768x1663.jpg 768w, https:\/\/ocentrodedianacasa.igualdadebenestar.org\/wp-content\/uploads\/2022\/11\/aniversario_3-710x1536.jpg 710w, https:\/\/ocentrodedianacasa.igualdadebenestar.org\/wp-content\/uploads\/2022\/11\/aniversario_3.jpg 946w\" sizes=\"(max-width: 285px) 100vw, 285px\" \/><\/figure>\n\n\n\n<div class=\"wp-block-image\"><figure class=\"alignleft size-large is-resized\"><img loading=\"lazy\" src=\"https:\/\/ocentrodedianacasa.igualdadebenestar.org\/wp-content\/uploads\/2022\/11\/aniversario_5-1024x447.jpg\" alt=\"\" class=\"wp-image-3769\" width=\"468\" height=\"204\" srcset=\"https:\/\/ocentrodedianacasa.igualdadebenestar.org\/wp-content\/uploads\/2022\/11\/aniversario_5-1024x447.jpg 1024w, https:\/\/ocentrodedianacasa.igualdadebenestar.org\/wp-content\/uploads\/2022\/11\/aniversario_5-300x131.jpg 300w, https:\/\/ocentrodedianacasa.igualdadebenestar.org\/wp-content\/uploads\/2022\/11\/aniversario_5-768x335.jpg 768w, https:\/\/ocentrodedianacasa.igualdadebenestar.org\/wp-content\/uploads\/2022\/11\/aniversario_5-1536x670.jpg 1536w, https:\/\/ocentrodedianacasa.igualdadebenestar.org\/wp-content\/uploads\/2022\/11\/aniversario_5-2048x893.jpg 2048w\" sizes=\"(max-width: 468px) 100vw, 468px\" \/><\/figure><\/div>\n ","protected":false},"excerpt":{"rendered":"<p>O Centro de d\u00eda Ferrol-Caranza, iniciou a s\u00faa andadura o 21 de outubro de 2011.Despois de dous anos sen celebraci\u00f3n debido a pandemia sanitaria o 3 de novembro celebramos o <a class=\"more-link\" href=\"https:\/\/ocentrodedianacasa.igualdadebenestar.org\/?p=3764\">Continue Reading &rarr;<\/a><\/p>\n","protected":false},"author":5,"featured_media":0,"comment_status":"open","ping_status":"open","sticky":false,"template":"","format":"standard","meta":[],"categories":[44,66],"tags":[],"post_mailing_queue_ids":[],"_links":{"self":[{"href":"https:\/\/ocentrodedianacasa.igualdadebenestar.org\/index.php?rest_route=\/wp\/v2\/posts\/3764"}],"collection":[{"href":"https:\/\/ocentrodedianacasa.igualdadebenestar.org\/index.php?rest_route=\/wp\/v2\/posts"}],"about":[{"href":"https:\/\/ocentrodedianacasa.igualdadebenestar.org\/index.php?rest_route=\/wp\/v2\/types\/post"}],"author":[{"embeddable":true,"href":"https:\/\/ocentrodedianacasa.igualdadebenestar.org\/index.php?rest_route=\/wp\/v2\/users\/5"}],"replies":[{"embeddable":true,"href":"https:\/\/ocentrodedianacasa.igualdadebenestar.org\/index.php?rest_route=%2Fwp%2Fv2%2Fcomments&post=3764"}],"version-history":[{"count":3,"href":"https:\/\/ocentrodedianacasa.igualdadebenestar.org\/index.php?rest_route=\/wp\/v2\/posts\/3764\/revisions"}],"predecessor-version":[{"id":3772,"href":"https:\/\/ocentrodedianacasa.igualdadebenestar.org\/index.php?rest_route=\/wp\/v2\/posts\/3764\/revisions\/3772"}],"wp:attachment":[{"href":"https:\/\/ocentrodedianacasa.igualdadebenestar.org\/index.php?rest_route=%2Fwp%2Fv2%2Fmedia&parent=3764"}],"wp:term":[{"taxonomy":"category","embeddable":true,"href":"https:\/\/ocentrodedianacasa.igualdadebenestar.org\/index.php?rest_route=%2Fwp%2Fv2%2Fcategories&post=3764"},{"taxonomy":"post_tag","embeddable":true,"href":"https:\/\/ocentrodedianacasa.igualdadebenestar.org\/index.php?rest_route=%2Fwp%2Fv2%2Ftags&post=3764"}],"curies":[{"name":"wp","href":"https:\/\/api.w.org\/{rel}","templated":true}]}}