{"id":3760,"date":"2022-11-04T00:00:00","date_gmt":"2022-11-03T23:00:00","guid":{"rendered":"https:\/\/ocentrodedianacasa.igualdadebenestar.org\/?p=3760"},"modified":"2022-11-23T09:14:29","modified_gmt":"2022-11-23T08:14:29","slug":"celebramos-o-dia-do-maior-no-centro-de-valadares","status":"publish","type":"post","link":"https:\/\/ocentrodedianacasa.igualdadebenestar.org\/?p=3760","title":{"rendered":"CELEBRAMOS O D\u00cdA DO MAIOR NO CENTRO DE VALADARES"},"content":{"rendered":"\n<p>O d\u00eda 1 de outubro, <em>D\u00eda Internacional do Maior, <\/em>\u00e9 un d\u00eda moi significativo nos Centros de Atenci\u00f3n \u00e1s Persoas Maiores. No CAPM de Valadares, co fin de dar visibilidade e brindar o noso apoio, quixemos darlles protagonismo a cada unha das persoas usuarias do centro, recollendo en primeiros planos as s\u00faas miradas, as cales reflicten a s\u00faa realidade. Durante varias semanas os maiores do centro convert\u00e9ronse en actores e actrices, sendo part\u00edcipes da creaci\u00f3n dun v\u00eddeo emotivo que reflexa o seu d\u00eda a d\u00eda. O resultado do mesmo, foi proxectado na festa levada a cabo coas familias na celebraci\u00f3n deste d\u00eda tan especial.<\/p>\n\n\n\n<figure class=\"wp-block-embed-youtube wp-block-embed is-type-video is-provider-youtube wp-embed-aspect-16-9 wp-has-aspect-ratio\"><div class=\"wp-block-embed__wrapper\">\n<iframe title=\"D\u00eda Internacional do Maior\" width=\"678\" height=\"381\" src=\"https:\/\/www.youtube.com\/embed\/QdzowpPSd64?feature=oembed\" frameborder=\"0\" allow=\"accelerometer; autoplay; clipboard-write; encrypted-media; gyroscope; picture-in-picture\" allowfullscreen><\/iframe>\n<\/div><\/figure>\n\n\n\n<p><\/p>\n\n\n\n<p><\/p>\n ","protected":false},"excerpt":{"rendered":"<p>O d\u00eda 1 de outubro, D\u00eda Internacional do Maior, \u00e9 un d\u00eda moi significativo nos Centros de Atenci\u00f3n \u00e1s Persoas Maiores. No CAPM de Valadares, co fin de dar visibilidade <a class=\"more-link\" href=\"https:\/\/ocentrodedianacasa.igualdadebenestar.org\/?p=3760\">Continue Reading &rarr;<\/a><\/p>\n","protected":false},"author":5,"featured_media":0,"comment_status":"closed","ping_status":"closed","sticky":false,"template":"","format":"standard","meta":[],"categories":[44,66],"tags":[],"post_mailing_queue_ids":[],"_links":{"self":[{"href":"https:\/\/ocentrodedianacasa.igualdadebenestar.org\/index.php?rest_route=\/wp\/v2\/posts\/3760"}],"collection":[{"href":"https:\/\/ocentrodedianacasa.igualdadebenestar.org\/index.php?rest_route=\/wp\/v2\/posts"}],"about":[{"href":"https:\/\/ocentrodedianacasa.igualdadebenestar.org\/index.php?rest_route=\/wp\/v2\/types\/post"}],"author":[{"embeddable":true,"href":"https:\/\/ocentrodedianacasa.igualdadebenestar.org\/index.php?rest_route=\/wp\/v2\/users\/5"}],"replies":[{"embeddable":true,"href":"https:\/\/ocentrodedianacasa.igualdadebenestar.org\/index.php?rest_route=%2Fwp%2Fv2%2Fcomments&post=3760"}],"version-history":[{"count":2,"href":"https:\/\/ocentrodedianacasa.igualdadebenestar.org\/index.php?rest_route=\/wp\/v2\/posts\/3760\/revisions"}],"predecessor-version":[{"id":3763,"href":"https:\/\/ocentrodedianacasa.igualdadebenestar.org\/index.php?rest_route=\/wp\/v2\/posts\/3760\/revisions\/3763"}],"wp:attachment":[{"href":"https:\/\/ocentrodedianacasa.igualdadebenestar.org\/index.php?rest_route=%2Fwp%2Fv2%2Fmedia&parent=3760"}],"wp:term":[{"taxonomy":"category","embeddable":true,"href":"https:\/\/ocentrodedianacasa.igualdadebenestar.org\/index.php?rest_route=%2Fwp%2Fv2%2Fcategories&post=3760"},{"taxonomy":"post_tag","embeddable":true,"href":"https:\/\/ocentrodedianacasa.igualdadebenestar.org\/index.php?rest_route=%2Fwp%2Fv2%2Ftags&post=3760"}],"curies":[{"name":"wp","href":"https:\/\/api.w.org\/{rel}","templated":true}]}}