{"id":3726,"date":"2022-09-21T09:47:00","date_gmt":"2022-09-21T07:47:00","guid":{"rendered":"https:\/\/ocentrodedianacasa.igualdadebenestar.org\/?p=3726"},"modified":"2022-09-30T09:50:20","modified_gmt":"2022-09-30T07:50:20","slug":"dia-mundial-do-alzheimer-dende-o-centro-de-dia-de-abadin","status":"publish","type":"post","link":"https:\/\/ocentrodedianacasa.igualdadebenestar.org\/?p=3726","title":{"rendered":"D\u00eda mundial do Alzheimer dende o centro de d\u00eda de Abad\u00edn"},"content":{"rendered":"\n<p class=\"has-text-align-center has-medium-font-size\"><strong>D\u00eda mundial do Alzheimer dende o centro de d\u00eda de Abad\u00edn<\/strong><\/p>\n\n\n\n<p>O pasado 21 de setembro celebrouse o d\u00eda mundial do Alzheimer. No centro de d\u00eda conmemoramos esta data xa que o Alzheimer \u00e9 a principal causa de demencia. Un deterioro do pensamento, comportamento e habilidades sociais que afectan \u00e1 capacidade de vivir de xeito independente.<\/p>\n\n\n\n<p>As nosas persoas usuarias quixeron dar voz e visibilidade a esta enfermidade a trav\u00e9s de distintas mensaxes de sensibilizaci\u00f3n que dec\u00edan o seguinte:<\/p>\n\n\n\n<ul><li>\u201cSEN A S\u00daA MEMORIA: RECORDA AS S\u00daAS VIVENZAS\u201d.<\/li><li>\u201cA\u00cdNDA QUE XA NON SE CO\u00d1EZA, SEGUE A SER ELA \/EL\u201d.<\/li><li>\u201cA MI\u00d1A PEL NON SOFRE ALZHEIMER:, ACAR\u00cdCIAME,ABR\u00c1ZAME, B\u00cdCAME\u201d.<\/li><li>\u201cO ALZHEIRMER BORRA A MEMORIA, PERO NON OS SENTIMENTOS&#8230;\u201d<\/li><li>\u201cMENTRAS O CORPO PODA , SEGUIREI BAILANDO\u201d<\/li><li>\u201c AINDA QUE NON SEPA QUEN SON, SABES QUE TE QUERO\u201d.<\/li><li>\u201cPODA QUE XA NON SE RECO\u00d1EZA, PERO SEGUE GUST\u00c1NDOLLE ARREGLARSE\u201d.<\/li><li>\u201cPODA QUE NON ENTENDA O QUE LLE DIS, PERO SEGUE A ESTAR AHI\u201d.<\/li><\/ul>\n\n\n\n<ul><li>\u201c<strong>SIGO SENDO EU\u201d<\/strong><\/li><\/ul>\n\n\n\n<figure class=\"wp-block-gallery columns-1 is-cropped\"><ul class=\"blocks-gallery-grid\"><li class=\"blocks-gallery-item\"><figure><img loading=\"lazy\" width=\"768\" height=\"1024\" src=\"https:\/\/ocentrodedianacasa.igualdadebenestar.org\/wp-content\/uploads\/2022\/09\/PHOTO-2022-09-28-14-32-54-768x1024.jpg\" alt=\"\" data-id=\"3727\" data-full-url=\"https:\/\/ocentrodedianacasa.igualdadebenestar.org\/wp-content\/uploads\/2022\/09\/PHOTO-2022-09-28-14-32-54.jpg\" data-link=\"https:\/\/ocentrodedianacasa.igualdadebenestar.org\/?attachment_id=3727\" class=\"wp-image-3727\" srcset=\"https:\/\/ocentrodedianacasa.igualdadebenestar.org\/wp-content\/uploads\/2022\/09\/PHOTO-2022-09-28-14-32-54-768x1024.jpg 768w, https:\/\/ocentrodedianacasa.igualdadebenestar.org\/wp-content\/uploads\/2022\/09\/PHOTO-2022-09-28-14-32-54-225x300.jpg 225w, https:\/\/ocentrodedianacasa.igualdadebenestar.org\/wp-content\/uploads\/2022\/09\/PHOTO-2022-09-28-14-32-54-1152x1536.jpg 1152w, https:\/\/ocentrodedianacasa.igualdadebenestar.org\/wp-content\/uploads\/2022\/09\/PHOTO-2022-09-28-14-32-54.jpg 1200w\" sizes=\"(max-width: 768px) 100vw, 768px\" \/><\/figure><\/li><\/ul><\/figure>\n ","protected":false},"excerpt":{"rendered":"<p>D\u00eda mundial do Alzheimer dende o centro de d\u00eda de Abad\u00edn O pasado 21 de setembro celebrouse o d\u00eda mundial do Alzheimer. No centro de d\u00eda conmemoramos esta data xa <a class=\"more-link\" href=\"https:\/\/ocentrodedianacasa.igualdadebenestar.org\/?p=3726\">Continue Reading &rarr;<\/a><\/p>\n","protected":false},"author":3,"featured_media":0,"comment_status":"open","ping_status":"open","sticky":false,"template":"","format":"aside","meta":[],"categories":[44],"tags":[],"post_mailing_queue_ids":[],"_links":{"self":[{"href":"https:\/\/ocentrodedianacasa.igualdadebenestar.org\/index.php?rest_route=\/wp\/v2\/posts\/3726"}],"collection":[{"href":"https:\/\/ocentrodedianacasa.igualdadebenestar.org\/index.php?rest_route=\/wp\/v2\/posts"}],"about":[{"href":"https:\/\/ocentrodedianacasa.igualdadebenestar.org\/index.php?rest_route=\/wp\/v2\/types\/post"}],"author":[{"embeddable":true,"href":"https:\/\/ocentrodedianacasa.igualdadebenestar.org\/index.php?rest_route=\/wp\/v2\/users\/3"}],"replies":[{"embeddable":true,"href":"https:\/\/ocentrodedianacasa.igualdadebenestar.org\/index.php?rest_route=%2Fwp%2Fv2%2Fcomments&post=3726"}],"version-history":[{"count":1,"href":"https:\/\/ocentrodedianacasa.igualdadebenestar.org\/index.php?rest_route=\/wp\/v2\/posts\/3726\/revisions"}],"predecessor-version":[{"id":3728,"href":"https:\/\/ocentrodedianacasa.igualdadebenestar.org\/index.php?rest_route=\/wp\/v2\/posts\/3726\/revisions\/3728"}],"wp:attachment":[{"href":"https:\/\/ocentrodedianacasa.igualdadebenestar.org\/index.php?rest_route=%2Fwp%2Fv2%2Fmedia&parent=3726"}],"wp:term":[{"taxonomy":"category","embeddable":true,"href":"https:\/\/ocentrodedianacasa.igualdadebenestar.org\/index.php?rest_route=%2Fwp%2Fv2%2Fcategories&post=3726"},{"taxonomy":"post_tag","embeddable":true,"href":"https:\/\/ocentrodedianacasa.igualdadebenestar.org\/index.php?rest_route=%2Fwp%2Fv2%2Ftags&post=3726"}],"curies":[{"name":"wp","href":"https:\/\/api.w.org\/{rel}","templated":true}]}}