{"id":3696,"date":"2022-09-23T12:41:08","date_gmt":"2022-09-23T10:41:08","guid":{"rendered":"https:\/\/ocentrodedianacasa.igualdadebenestar.org\/?p=3696"},"modified":"2022-09-23T12:46:22","modified_gmt":"2022-09-23T10:46:22","slug":"visitando-a-pobra-do-brollon","status":"publish","type":"post","link":"https:\/\/ocentrodedianacasa.igualdadebenestar.org\/?p=3696","title":{"rendered":"Visitando A Pobra do Broll\u00f3n"},"content":{"rendered":"\n<p class=\"has-text-align-center has-normal-font-size\"><strong>Visitando A Pobra do Broll\u00f3n<\/strong><\/p>\n\n\n\n<p>Hai varios lugares de interese no concello de A Pobra do Broll\u00f3n que son desco\u00f1ecidos para algunha persoa usuaria, ou que levan moito tempo sen visitar. Par\u00e9cenos importante facilitar a conexi\u00f3n co entorno mais pr\u00f3ximo, e por isto, realizar sa\u00eddas na contorna. Nesta ocasi\u00f3n visitamos un lugar tan especial como fermoso, o Miradoiro de A Capela en Vilach\u00e1. E xa que vamos a Vilach\u00e1, tendo en conta que estamos en \u00e9poca de vendimas , non podemos deixar de visitar As Adegas, co\u00f1ecer o museo que te\u00f1en, ver unha adega e o seu conxunto, que en si xa \u00e9 un espect\u00e1culo para a vista. Quedou pendente probar o vi\u00f1o, que a\u00ednda \u00e9 cedo, pero as uvas quedaron ben degustadas.<\/p>\n\n\n\n<figure class=\"wp-block-gallery columns-3 is-cropped\"><ul class=\"blocks-gallery-grid\"><li class=\"blocks-gallery-item\"><figure><img loading=\"lazy\" width=\"1024\" height=\"576\" src=\"https:\/\/ocentrodedianacasa.igualdadebenestar.org\/wp-content\/uploads\/2022\/09\/WhatsApp-Image-2022-09-23f-at-12.38.26-1024x576.jpeg\" alt=\"\" data-id=\"3698\" data-full-url=\"https:\/\/ocentrodedianacasa.igualdadebenestar.org\/wp-content\/uploads\/2022\/09\/WhatsApp-Image-2022-09-23f-at-12.38.26.jpeg\" data-link=\"https:\/\/ocentrodedianacasa.igualdadebenestar.org\/?attachment_id=3698\" class=\"wp-image-3698\" srcset=\"https:\/\/ocentrodedianacasa.igualdadebenestar.org\/wp-content\/uploads\/2022\/09\/WhatsApp-Image-2022-09-23f-at-12.38.26-1024x576.jpeg 1024w, https:\/\/ocentrodedianacasa.igualdadebenestar.org\/wp-content\/uploads\/2022\/09\/WhatsApp-Image-2022-09-23f-at-12.38.26-300x169.jpeg 300w, https:\/\/ocentrodedianacasa.igualdadebenestar.org\/wp-content\/uploads\/2022\/09\/WhatsApp-Image-2022-09-23f-at-12.38.26-768x432.jpeg 768w, https:\/\/ocentrodedianacasa.igualdadebenestar.org\/wp-content\/uploads\/2022\/09\/WhatsApp-Image-2022-09-23f-at-12.38.26-1536x864.jpeg 1536w, https:\/\/ocentrodedianacasa.igualdadebenestar.org\/wp-content\/uploads\/2022\/09\/WhatsApp-Image-2022-09-23f-at-12.38.26.jpeg 2000w\" sizes=\"(max-width: 1024px) 100vw, 1024px\" \/><\/figure><\/li><li class=\"blocks-gallery-item\"><figure><img loading=\"lazy\" width=\"1024\" height=\"576\" src=\"https:\/\/ocentrodedianacasa.igualdadebenestar.org\/wp-content\/uploads\/2022\/09\/WhatsApp-Image-2022-09-23-at-12.d38.27-1024x576.jpeg\" alt=\"\" data-id=\"3699\" data-full-url=\"https:\/\/ocentrodedianacasa.igualdadebenestar.org\/wp-content\/uploads\/2022\/09\/WhatsApp-Image-2022-09-23-at-12.d38.27.jpeg\" data-link=\"https:\/\/ocentrodedianacasa.igualdadebenestar.org\/?attachment_id=3699\" class=\"wp-image-3699\" srcset=\"https:\/\/ocentrodedianacasa.igualdadebenestar.org\/wp-content\/uploads\/2022\/09\/WhatsApp-Image-2022-09-23-at-12.d38.27-1024x576.jpeg 1024w, https:\/\/ocentrodedianacasa.igualdadebenestar.org\/wp-content\/uploads\/2022\/09\/WhatsApp-Image-2022-09-23-at-12.d38.27-300x169.jpeg 300w, https:\/\/ocentrodedianacasa.igualdadebenestar.org\/wp-content\/uploads\/2022\/09\/WhatsApp-Image-2022-09-23-at-12.d38.27-768x432.jpeg 768w, https:\/\/ocentrodedianacasa.igualdadebenestar.org\/wp-content\/uploads\/2022\/09\/WhatsApp-Image-2022-09-23-at-12.d38.27-1536x864.jpeg 1536w, https:\/\/ocentrodedianacasa.igualdadebenestar.org\/wp-content\/uploads\/2022\/09\/WhatsApp-Image-2022-09-23-at-12.d38.27.jpeg 2000w\" sizes=\"(max-width: 1024px) 100vw, 1024px\" \/><\/figure><\/li><li class=\"blocks-gallery-item\"><figure><img loading=\"lazy\" width=\"1024\" height=\"769\" src=\"https:\/\/ocentrodedianacasa.igualdadebenestar.org\/wp-content\/uploads\/2022\/09\/WhatsApp-Image-2022-09-23-at-12.39.18-1024x769.jpeg\" alt=\"\" data-id=\"3700\" data-full-url=\"https:\/\/ocentrodedianacasa.igualdadebenestar.org\/wp-content\/uploads\/2022\/09\/WhatsApp-Image-2022-09-23-at-12.39.18.jpeg\" data-link=\"https:\/\/ocentrodedianacasa.igualdadebenestar.org\/?attachment_id=3700\" class=\"wp-image-3700\" srcset=\"https:\/\/ocentrodedianacasa.igualdadebenestar.org\/wp-content\/uploads\/2022\/09\/WhatsApp-Image-2022-09-23-at-12.39.18-1024x769.jpeg 1024w, https:\/\/ocentrodedianacasa.igualdadebenestar.org\/wp-content\/uploads\/2022\/09\/WhatsApp-Image-2022-09-23-at-12.39.18-300x225.jpeg 300w, https:\/\/ocentrodedianacasa.igualdadebenestar.org\/wp-content\/uploads\/2022\/09\/WhatsApp-Image-2022-09-23-at-12.39.18-768x576.jpeg 768w, https:\/\/ocentrodedianacasa.igualdadebenestar.org\/wp-content\/uploads\/2022\/09\/WhatsApp-Image-2022-09-23-at-12.39.18-1536x1153.jpeg 1536w, https:\/\/ocentrodedianacasa.igualdadebenestar.org\/wp-content\/uploads\/2022\/09\/WhatsApp-Image-2022-09-23-at-12.39.18.jpeg 1600w\" sizes=\"(max-width: 1024px) 100vw, 1024px\" \/><\/figure><\/li><li class=\"blocks-gallery-item\"><figure><img loading=\"lazy\" width=\"1024\" height=\"768\" src=\"https:\/\/ocentrodedianacasa.igualdadebenestar.org\/wp-content\/uploads\/2022\/09\/WhatsApp-Image-2022-09-23-at-12.38.49-1024x768.jpeg\" alt=\"\" data-id=\"3701\" data-full-url=\"https:\/\/ocentrodedianacasa.igualdadebenestar.org\/wp-content\/uploads\/2022\/09\/WhatsApp-Image-2022-09-23-at-12.38.49.jpeg\" data-link=\"https:\/\/ocentrodedianacasa.igualdadebenestar.org\/?attachment_id=3701\" class=\"wp-image-3701\" srcset=\"https:\/\/ocentrodedianacasa.igualdadebenestar.org\/wp-content\/uploads\/2022\/09\/WhatsApp-Image-2022-09-23-at-12.38.49-1024x768.jpeg 1024w, https:\/\/ocentrodedianacasa.igualdadebenestar.org\/wp-content\/uploads\/2022\/09\/WhatsApp-Image-2022-09-23-at-12.38.49-300x225.jpeg 300w, https:\/\/ocentrodedianacasa.igualdadebenestar.org\/wp-content\/uploads\/2022\/09\/WhatsApp-Image-2022-09-23-at-12.38.49-768x576.jpeg 768w, https:\/\/ocentrodedianacasa.igualdadebenestar.org\/wp-content\/uploads\/2022\/09\/WhatsApp-Image-2022-09-23-at-12.38.49-1536x1152.jpeg 1536w, https:\/\/ocentrodedianacasa.igualdadebenestar.org\/wp-content\/uploads\/2022\/09\/WhatsApp-Image-2022-09-23-at-12.38.49.jpeg 2048w\" sizes=\"(max-width: 1024px) 100vw, 1024px\" \/><\/figure><\/li><li class=\"blocks-gallery-item\"><figure><img loading=\"lazy\" width=\"1024\" height=\"768\" src=\"https:\/\/ocentrodedianacasa.igualdadebenestar.org\/wp-content\/uploads\/2022\/09\/WhatsApp-Image-2022-09-23-at-12.38.27-1024x768.jpeg\" alt=\"\" data-id=\"3702\" data-full-url=\"https:\/\/ocentrodedianacasa.igualdadebenestar.org\/wp-content\/uploads\/2022\/09\/WhatsApp-Image-2022-09-23-at-12.38.27.jpeg\" data-link=\"https:\/\/ocentrodedianacasa.igualdadebenestar.org\/?attachment_id=3702\" class=\"wp-image-3702\" srcset=\"https:\/\/ocentrodedianacasa.igualdadebenestar.org\/wp-content\/uploads\/2022\/09\/WhatsApp-Image-2022-09-23-at-12.38.27-1024x768.jpeg 1024w, https:\/\/ocentrodedianacasa.igualdadebenestar.org\/wp-content\/uploads\/2022\/09\/WhatsApp-Image-2022-09-23-at-12.38.27-300x225.jpeg 300w, https:\/\/ocentrodedianacasa.igualdadebenestar.org\/wp-content\/uploads\/2022\/09\/WhatsApp-Image-2022-09-23-at-12.38.27-768x576.jpeg 768w, https:\/\/ocentrodedianacasa.igualdadebenestar.org\/wp-content\/uploads\/2022\/09\/WhatsApp-Image-2022-09-23-at-12.38.27-1536x1152.jpeg 1536w, https:\/\/ocentrodedianacasa.igualdadebenestar.org\/wp-content\/uploads\/2022\/09\/WhatsApp-Image-2022-09-23-at-12.38.27.jpeg 2048w\" sizes=\"(max-width: 1024px) 100vw, 1024px\" \/><\/figure><\/li><li class=\"blocks-gallery-item\"><figure><img loading=\"lazy\" width=\"1024\" height=\"576\" src=\"https:\/\/ocentrodedianacasa.igualdadebenestar.org\/wp-content\/uploads\/2022\/09\/WhatsApp-Image-2022-09-23-at-12.38.26-1024x576.jpeg\" alt=\"\" data-id=\"3703\" data-full-url=\"https:\/\/ocentrodedianacasa.igualdadebenestar.org\/wp-content\/uploads\/2022\/09\/WhatsApp-Image-2022-09-23-at-12.38.26.jpeg\" data-link=\"https:\/\/ocentrodedianacasa.igualdadebenestar.org\/?attachment_id=3703\" class=\"wp-image-3703\" srcset=\"https:\/\/ocentrodedianacasa.igualdadebenestar.org\/wp-content\/uploads\/2022\/09\/WhatsApp-Image-2022-09-23-at-12.38.26-1024x576.jpeg 1024w, https:\/\/ocentrodedianacasa.igualdadebenestar.org\/wp-content\/uploads\/2022\/09\/WhatsApp-Image-2022-09-23-at-12.38.26-300x169.jpeg 300w, https:\/\/ocentrodedianacasa.igualdadebenestar.org\/wp-content\/uploads\/2022\/09\/WhatsApp-Image-2022-09-23-at-12.38.26-768x432.jpeg 768w, https:\/\/ocentrodedianacasa.igualdadebenestar.org\/wp-content\/uploads\/2022\/09\/WhatsApp-Image-2022-09-23-at-12.38.26-1536x864.jpeg 1536w, https:\/\/ocentrodedianacasa.igualdadebenestar.org\/wp-content\/uploads\/2022\/09\/WhatsApp-Image-2022-09-23-at-12.38.26.jpeg 2000w\" sizes=\"(max-width: 1024px) 100vw, 1024px\" \/><\/figure><\/li><li class=\"blocks-gallery-item\"><figure><img loading=\"lazy\" width=\"1024\" height=\"766\" src=\"https:\/\/ocentrodedianacasa.igualdadebenestar.org\/wp-content\/uploads\/2022\/09\/WhatsApp-Image-2022-09-23-at-12.38.25-1024x766.jpeg\" alt=\"\" data-id=\"3704\" data-full-url=\"https:\/\/ocentrodedianacasa.igualdadebenestar.org\/wp-content\/uploads\/2022\/09\/WhatsApp-Image-2022-09-23-at-12.38.25.jpeg\" data-link=\"https:\/\/ocentrodedianacasa.igualdadebenestar.org\/?attachment_id=3704\" class=\"wp-image-3704\" srcset=\"https:\/\/ocentrodedianacasa.igualdadebenestar.org\/wp-content\/uploads\/2022\/09\/WhatsApp-Image-2022-09-23-at-12.38.25-1024x766.jpeg 1024w, https:\/\/ocentrodedianacasa.igualdadebenestar.org\/wp-content\/uploads\/2022\/09\/WhatsApp-Image-2022-09-23-at-12.38.25-300x224.jpeg 300w, https:\/\/ocentrodedianacasa.igualdadebenestar.org\/wp-content\/uploads\/2022\/09\/WhatsApp-Image-2022-09-23-at-12.38.25-768x575.jpeg 768w, https:\/\/ocentrodedianacasa.igualdadebenestar.org\/wp-content\/uploads\/2022\/09\/WhatsApp-Image-2022-09-23-at-12.38.25-1536x1149.jpeg 1536w, https:\/\/ocentrodedianacasa.igualdadebenestar.org\/wp-content\/uploads\/2022\/09\/WhatsApp-Image-2022-09-23-at-12.38.25.jpeg 2048w\" sizes=\"(max-width: 1024px) 100vw, 1024px\" \/><\/figure><\/li><li class=\"blocks-gallery-item\"><figure><img loading=\"lazy\" width=\"1024\" height=\"766\" src=\"https:\/\/ocentrodedianacasa.igualdadebenestar.org\/wp-content\/uploads\/2022\/09\/WhatsApp-Image-2022-09-23-at-12.38.24-1024x766.jpeg\" alt=\"\" data-id=\"3705\" data-full-url=\"https:\/\/ocentrodedianacasa.igualdadebenestar.org\/wp-content\/uploads\/2022\/09\/WhatsApp-Image-2022-09-23-at-12.38.24.jpeg\" data-link=\"https:\/\/ocentrodedianacasa.igualdadebenestar.org\/?attachment_id=3705\" class=\"wp-image-3705\" srcset=\"https:\/\/ocentrodedianacasa.igualdadebenestar.org\/wp-content\/uploads\/2022\/09\/WhatsApp-Image-2022-09-23-at-12.38.24-1024x766.jpeg 1024w, https:\/\/ocentrodedianacasa.igualdadebenestar.org\/wp-content\/uploads\/2022\/09\/WhatsApp-Image-2022-09-23-at-12.38.24-300x224.jpeg 300w, https:\/\/ocentrodedianacasa.igualdadebenestar.org\/wp-content\/uploads\/2022\/09\/WhatsApp-Image-2022-09-23-at-12.38.24-768x575.jpeg 768w, https:\/\/ocentrodedianacasa.igualdadebenestar.org\/wp-content\/uploads\/2022\/09\/WhatsApp-Image-2022-09-23-at-12.38.24-1536x1149.jpeg 1536w, https:\/\/ocentrodedianacasa.igualdadebenestar.org\/wp-content\/uploads\/2022\/09\/WhatsApp-Image-2022-09-23-at-12.38.24.jpeg 2048w\" sizes=\"(max-width: 1024px) 100vw, 1024px\" \/><\/figure><\/li><\/ul><\/figure>\n ","protected":false},"excerpt":{"rendered":"<p>Visitando A Pobra do Broll\u00f3n Hai varios lugares de interese no concello de A Pobra do Broll\u00f3n que son desco\u00f1ecidos para algunha persoa usuaria, ou que levan moito tempo sen <a class=\"more-link\" href=\"https:\/\/ocentrodedianacasa.igualdadebenestar.org\/?p=3696\">Continue Reading &rarr;<\/a><\/p>\n","protected":false},"author":3,"featured_media":0,"comment_status":"open","ping_status":"open","sticky":false,"template":"","format":"aside","meta":[],"categories":[135],"tags":[],"post_mailing_queue_ids":[],"_links":{"self":[{"href":"https:\/\/ocentrodedianacasa.igualdadebenestar.org\/index.php?rest_route=\/wp\/v2\/posts\/3696"}],"collection":[{"href":"https:\/\/ocentrodedianacasa.igualdadebenestar.org\/index.php?rest_route=\/wp\/v2\/posts"}],"about":[{"href":"https:\/\/ocentrodedianacasa.igualdadebenestar.org\/index.php?rest_route=\/wp\/v2\/types\/post"}],"author":[{"embeddable":true,"href":"https:\/\/ocentrodedianacasa.igualdadebenestar.org\/index.php?rest_route=\/wp\/v2\/users\/3"}],"replies":[{"embeddable":true,"href":"https:\/\/ocentrodedianacasa.igualdadebenestar.org\/index.php?rest_route=%2Fwp%2Fv2%2Fcomments&post=3696"}],"version-history":[{"count":1,"href":"https:\/\/ocentrodedianacasa.igualdadebenestar.org\/index.php?rest_route=\/wp\/v2\/posts\/3696\/revisions"}],"predecessor-version":[{"id":3706,"href":"https:\/\/ocentrodedianacasa.igualdadebenestar.org\/index.php?rest_route=\/wp\/v2\/posts\/3696\/revisions\/3706"}],"wp:attachment":[{"href":"https:\/\/ocentrodedianacasa.igualdadebenestar.org\/index.php?rest_route=%2Fwp%2Fv2%2Fmedia&parent=3696"}],"wp:term":[{"taxonomy":"category","embeddable":true,"href":"https:\/\/ocentrodedianacasa.igualdadebenestar.org\/index.php?rest_route=%2Fwp%2Fv2%2Fcategories&post=3696"},{"taxonomy":"post_tag","embeddable":true,"href":"https:\/\/ocentrodedianacasa.igualdadebenestar.org\/index.php?rest_route=%2Fwp%2Fv2%2Ftags&post=3696"}],"curies":[{"name":"wp","href":"https:\/\/api.w.org\/{rel}","templated":true}]}}