{"id":3689,"date":"2022-09-02T13:34:52","date_gmt":"2022-09-02T11:34:52","guid":{"rendered":"https:\/\/ocentrodedianacasa.igualdadebenestar.org\/?p=3689"},"modified":"2022-09-02T13:34:52","modified_gmt":"2022-09-02T11:34:52","slug":"visita-a-mostra-sobre-o-traxe-festivo-da-muller","status":"publish","type":"post","link":"https:\/\/ocentrodedianacasa.igualdadebenestar.org\/?p=3689","title":{"rendered":"VISITA  \u00c1 MOSTRA SOBRE O TRAXE FESTIVO DA MULLER"},"content":{"rendered":"\n<p class=\"has-text-align-center has-normal-font-size\"><strong>VISITA \u00c1 MOSTRA SOBRE O TRAXE FESTIVO DA MULLER<\/strong><\/p>\n\n\n\n<p>\u00c1s nosas persoas usuarias gustoulles en especial polas reminiscencias que provoca neles ver as fotos, tecidos, complementos e elementos decorativos xa que permite que fagan un recordatorio de como foi a s\u00faa xuventude.<\/p>\n\n\n\n<p>O pasado xoves 25 de agosto, as persoas usuarias do CAPM de Abad\u00edn desfrutamos da asistencia \u00e1 mostra sobre o traxe festivo da muller alde\u00e1 nas terras de Lugo, organizada polo colectivo Traxandaina e o Grupo el Progreso, situada no sal\u00f3n de actos da casa consistorial de Abad\u00edn. A exposici\u00f3n itinerante, que se enmarca dentro dos actos do <strong><a href=\"https:\/\/xacobeo2021.caminodesantiago.gal\/gl\/inicio\" target=\"_blank\" rel=\"noreferrer noopener\">Xacobeo 2021-2022<\/a><\/strong> da Xunta de Galicia, chegou a terras chairegas despois de facer escala en <strong>Triacastela<\/strong> e en <strong>Palas de Rei<\/strong>, onde acadou unha moi boa acollida por parte dos visitantes.<\/p>\n\n\n\n<p>\u00c1s nosas persoas usuarias gustoulles en especial polas reminiscencias que provoca neles ver as fotos, tecidos, complementos e elementos decorativos xa que permite que fagan un recordatorio de como foi a s\u00faa xuventude.<\/p>\n\n\n\n<figure class=\"wp-block-gallery columns-3 is-cropped\"><ul class=\"blocks-gallery-grid\"><li class=\"blocks-gallery-item\"><figure><img loading=\"lazy\" width=\"1024\" height=\"768\" src=\"https:\/\/ocentrodedianacasa.igualdadebenestar.org\/wp-content\/uploads\/2022\/09\/act-4......-1024x768.jpg\" alt=\"\" data-id=\"3693\" data-full-url=\"https:\/\/ocentrodedianacasa.igualdadebenestar.org\/wp-content\/uploads\/2022\/09\/act-4.......jpg\" data-link=\"https:\/\/ocentrodedianacasa.igualdadebenestar.org\/?attachment_id=3693\" class=\"wp-image-3693\" srcset=\"https:\/\/ocentrodedianacasa.igualdadebenestar.org\/wp-content\/uploads\/2022\/09\/act-4......-1024x768.jpg 1024w, https:\/\/ocentrodedianacasa.igualdadebenestar.org\/wp-content\/uploads\/2022\/09\/act-4......-300x225.jpg 300w, https:\/\/ocentrodedianacasa.igualdadebenestar.org\/wp-content\/uploads\/2022\/09\/act-4......-768x576.jpg 768w, https:\/\/ocentrodedianacasa.igualdadebenestar.org\/wp-content\/uploads\/2022\/09\/act-4......-1536x1152.jpg 1536w, https:\/\/ocentrodedianacasa.igualdadebenestar.org\/wp-content\/uploads\/2022\/09\/act-4.......jpg 1600w\" sizes=\"(max-width: 1024px) 100vw, 1024px\" \/><\/figure><\/li><li class=\"blocks-gallery-item\"><figure><img loading=\"lazy\" width=\"1024\" height=\"576\" src=\"https:\/\/ocentrodedianacasa.igualdadebenestar.org\/wp-content\/uploads\/2022\/09\/act-4.....-1024x576.jpg\" alt=\"\" data-id=\"3692\" data-full-url=\"https:\/\/ocentrodedianacasa.igualdadebenestar.org\/wp-content\/uploads\/2022\/09\/act-4......jpg\" data-link=\"https:\/\/ocentrodedianacasa.igualdadebenestar.org\/?attachment_id=3692\" class=\"wp-image-3692\" srcset=\"https:\/\/ocentrodedianacasa.igualdadebenestar.org\/wp-content\/uploads\/2022\/09\/act-4.....-1024x576.jpg 1024w, https:\/\/ocentrodedianacasa.igualdadebenestar.org\/wp-content\/uploads\/2022\/09\/act-4.....-300x169.jpg 300w, https:\/\/ocentrodedianacasa.igualdadebenestar.org\/wp-content\/uploads\/2022\/09\/act-4.....-768x432.jpg 768w, https:\/\/ocentrodedianacasa.igualdadebenestar.org\/wp-content\/uploads\/2022\/09\/act-4.....-1536x864.jpg 1536w, https:\/\/ocentrodedianacasa.igualdadebenestar.org\/wp-content\/uploads\/2022\/09\/act-4......jpg 2000w\" sizes=\"(max-width: 1024px) 100vw, 1024px\" \/><\/figure><\/li><li class=\"blocks-gallery-item\"><figure><img loading=\"lazy\" width=\"1024\" height=\"576\" src=\"https:\/\/ocentrodedianacasa.igualdadebenestar.org\/wp-content\/uploads\/2022\/09\/act-4..-1024x576.jpg\" alt=\"\" data-id=\"3690\" data-full-url=\"https:\/\/ocentrodedianacasa.igualdadebenestar.org\/wp-content\/uploads\/2022\/09\/act-4...jpg\" data-link=\"https:\/\/ocentrodedianacasa.igualdadebenestar.org\/?attachment_id=3690\" class=\"wp-image-3690\" srcset=\"https:\/\/ocentrodedianacasa.igualdadebenestar.org\/wp-content\/uploads\/2022\/09\/act-4..-1024x576.jpg 1024w, https:\/\/ocentrodedianacasa.igualdadebenestar.org\/wp-content\/uploads\/2022\/09\/act-4..-300x169.jpg 300w, https:\/\/ocentrodedianacasa.igualdadebenestar.org\/wp-content\/uploads\/2022\/09\/act-4..-768x432.jpg 768w, https:\/\/ocentrodedianacasa.igualdadebenestar.org\/wp-content\/uploads\/2022\/09\/act-4..-1536x864.jpg 1536w, https:\/\/ocentrodedianacasa.igualdadebenestar.org\/wp-content\/uploads\/2022\/09\/act-4...jpg 2000w\" sizes=\"(max-width: 1024px) 100vw, 1024px\" \/><\/figure><\/li><li class=\"blocks-gallery-item\"><figure><img loading=\"lazy\" width=\"1024\" height=\"576\" src=\"https:\/\/ocentrodedianacasa.igualdadebenestar.org\/wp-content\/uploads\/2022\/09\/act-4....-1024x576.jpg\" alt=\"\" data-id=\"3691\" data-full-url=\"https:\/\/ocentrodedianacasa.igualdadebenestar.org\/wp-content\/uploads\/2022\/09\/act-4.....jpg\" data-link=\"https:\/\/ocentrodedianacasa.igualdadebenestar.org\/?attachment_id=3691\" class=\"wp-image-3691\" srcset=\"https:\/\/ocentrodedianacasa.igualdadebenestar.org\/wp-content\/uploads\/2022\/09\/act-4....-1024x576.jpg 1024w, https:\/\/ocentrodedianacasa.igualdadebenestar.org\/wp-content\/uploads\/2022\/09\/act-4....-300x169.jpg 300w, https:\/\/ocentrodedianacasa.igualdadebenestar.org\/wp-content\/uploads\/2022\/09\/act-4....-768x432.jpg 768w, https:\/\/ocentrodedianacasa.igualdadebenestar.org\/wp-content\/uploads\/2022\/09\/act-4....-1536x864.jpg 1536w, https:\/\/ocentrodedianacasa.igualdadebenestar.org\/wp-content\/uploads\/2022\/09\/act-4.....jpg 2000w\" sizes=\"(max-width: 1024px) 100vw, 1024px\" \/><\/figure><\/li><\/ul><\/figure>\n ","protected":false},"excerpt":{"rendered":"<p>VISITA \u00c1 MOSTRA SOBRE O TRAXE FESTIVO DA MULLER \u00c1s nosas persoas usuarias gustoulles en especial polas reminiscencias que provoca neles ver as fotos, tecidos, complementos e elementos decorativos xa <a class=\"more-link\" href=\"https:\/\/ocentrodedianacasa.igualdadebenestar.org\/?p=3689\">Continue Reading &rarr;<\/a><\/p>\n","protected":false},"author":3,"featured_media":0,"comment_status":"open","ping_status":"open","sticky":false,"template":"","format":"aside","meta":[],"categories":[44],"tags":[],"post_mailing_queue_ids":[],"_links":{"self":[{"href":"https:\/\/ocentrodedianacasa.igualdadebenestar.org\/index.php?rest_route=\/wp\/v2\/posts\/3689"}],"collection":[{"href":"https:\/\/ocentrodedianacasa.igualdadebenestar.org\/index.php?rest_route=\/wp\/v2\/posts"}],"about":[{"href":"https:\/\/ocentrodedianacasa.igualdadebenestar.org\/index.php?rest_route=\/wp\/v2\/types\/post"}],"author":[{"embeddable":true,"href":"https:\/\/ocentrodedianacasa.igualdadebenestar.org\/index.php?rest_route=\/wp\/v2\/users\/3"}],"replies":[{"embeddable":true,"href":"https:\/\/ocentrodedianacasa.igualdadebenestar.org\/index.php?rest_route=%2Fwp%2Fv2%2Fcomments&post=3689"}],"version-history":[{"count":1,"href":"https:\/\/ocentrodedianacasa.igualdadebenestar.org\/index.php?rest_route=\/wp\/v2\/posts\/3689\/revisions"}],"predecessor-version":[{"id":3694,"href":"https:\/\/ocentrodedianacasa.igualdadebenestar.org\/index.php?rest_route=\/wp\/v2\/posts\/3689\/revisions\/3694"}],"wp:attachment":[{"href":"https:\/\/ocentrodedianacasa.igualdadebenestar.org\/index.php?rest_route=%2Fwp%2Fv2%2Fmedia&parent=3689"}],"wp:term":[{"taxonomy":"category","embeddable":true,"href":"https:\/\/ocentrodedianacasa.igualdadebenestar.org\/index.php?rest_route=%2Fwp%2Fv2%2Fcategories&post=3689"},{"taxonomy":"post_tag","embeddable":true,"href":"https:\/\/ocentrodedianacasa.igualdadebenestar.org\/index.php?rest_route=%2Fwp%2Fv2%2Ftags&post=3689"}],"curies":[{"name":"wp","href":"https:\/\/api.w.org\/{rel}","templated":true}]}}