{"id":3684,"date":"2022-09-02T13:30:18","date_gmt":"2022-09-02T11:30:18","guid":{"rendered":"https:\/\/ocentrodedianacasa.igualdadebenestar.org\/?p=3684"},"modified":"2022-09-02T13:30:20","modified_gmt":"2022-09-02T11:30:20","slug":"festas-de-vilalba","status":"publish","type":"post","link":"https:\/\/ocentrodedianacasa.igualdadebenestar.org\/?p=3684","title":{"rendered":"Festas de Vilalba"},"content":{"rendered":"\n<p class=\"has-text-align-center has-normal-font-size\"><strong>Festas de Vilalba<\/strong><\/p>\n\n\n\n<p>As festas de Vilalba volveron con forza e non faltou unha xornada adicada \u00e1s persoas maiores. O pasado m\u00e9rcores 24 de agosto as persoas usuarias do CAPM de Abad\u00edn acudimos \u00e1 mitica xira da terceira idade dentro do programa das festas do San Ram\u00f3n, que congrega a milleiros de persoas de todos os puntos de Galicia.<\/p>\n\n\n\n<p>A mediod\u00eda desfrutamos da actuaci\u00f3n da Charanga de Vilalba despois fomos \u00e1 sesi\u00f3n verm\u00fa e logo merendamos na \u00e1rea recreativa da Magdalena.<\/p>\n\n\n\n<p>Entusiasmoulles moito a sa\u00edda, bailaron, interactuaron co entorno e co resto de asistentes e manifestaron o seu agrado e agradecemento a todo o persoal.<\/p>\n\n\n\n<p><em>VIVAN AS FESTAS DE VILALBA!<\/em><\/p>\n\n\n\n<figure class=\"wp-block-gallery columns-2 is-cropped\"><ul class=\"blocks-gallery-grid\"><li class=\"blocks-gallery-item\"><figure><img loading=\"lazy\" width=\"576\" height=\"1024\" src=\"https:\/\/ocentrodedianacasa.igualdadebenestar.org\/wp-content\/uploads\/2022\/09\/act-3........-576x1024.jpg\" alt=\"\" data-id=\"3687\" data-full-url=\"https:\/\/ocentrodedianacasa.igualdadebenestar.org\/wp-content\/uploads\/2022\/09\/act-3.........jpg\" data-link=\"https:\/\/ocentrodedianacasa.igualdadebenestar.org\/?attachment_id=3687\" class=\"wp-image-3687\" srcset=\"https:\/\/ocentrodedianacasa.igualdadebenestar.org\/wp-content\/uploads\/2022\/09\/act-3........-576x1024.jpg 576w, https:\/\/ocentrodedianacasa.igualdadebenestar.org\/wp-content\/uploads\/2022\/09\/act-3........-169x300.jpg 169w, https:\/\/ocentrodedianacasa.igualdadebenestar.org\/wp-content\/uploads\/2022\/09\/act-3........-768x1366.jpg 768w, https:\/\/ocentrodedianacasa.igualdadebenestar.org\/wp-content\/uploads\/2022\/09\/act-3........-864x1536.jpg 864w, https:\/\/ocentrodedianacasa.igualdadebenestar.org\/wp-content\/uploads\/2022\/09\/act-3.........jpg 899w\" sizes=\"(max-width: 576px) 100vw, 576px\" \/><\/figure><\/li><li class=\"blocks-gallery-item\"><figure><img loading=\"lazy\" width=\"1024\" height=\"664\" src=\"https:\/\/ocentrodedianacasa.igualdadebenestar.org\/wp-content\/uploads\/2022\/09\/act-3...-1024x664.jpg\" alt=\"\" data-id=\"3685\" data-full-url=\"https:\/\/ocentrodedianacasa.igualdadebenestar.org\/wp-content\/uploads\/2022\/09\/act-3....jpg\" data-link=\"https:\/\/ocentrodedianacasa.igualdadebenestar.org\/?attachment_id=3685\" class=\"wp-image-3685\" srcset=\"https:\/\/ocentrodedianacasa.igualdadebenestar.org\/wp-content\/uploads\/2022\/09\/act-3...-1024x664.jpg 1024w, https:\/\/ocentrodedianacasa.igualdadebenestar.org\/wp-content\/uploads\/2022\/09\/act-3...-300x195.jpg 300w, https:\/\/ocentrodedianacasa.igualdadebenestar.org\/wp-content\/uploads\/2022\/09\/act-3...-768x498.jpg 768w, https:\/\/ocentrodedianacasa.igualdadebenestar.org\/wp-content\/uploads\/2022\/09\/act-3...-1536x996.jpg 1536w, https:\/\/ocentrodedianacasa.igualdadebenestar.org\/wp-content\/uploads\/2022\/09\/act-3....jpg 2048w\" sizes=\"(max-width: 1024px) 100vw, 1024px\" \/><\/figure><\/li><\/ul><\/figure>\n ","protected":false},"excerpt":{"rendered":"<p>Festas de Vilalba As festas de Vilalba volveron con forza e non faltou unha xornada adicada \u00e1s persoas maiores. O pasado m\u00e9rcores 24 de agosto as persoas usuarias do CAPM <a class=\"more-link\" href=\"https:\/\/ocentrodedianacasa.igualdadebenestar.org\/?p=3684\">Continue Reading &rarr;<\/a><\/p>\n","protected":false},"author":3,"featured_media":0,"comment_status":"open","ping_status":"open","sticky":false,"template":"","format":"aside","meta":[],"categories":[44],"tags":[],"post_mailing_queue_ids":[],"_links":{"self":[{"href":"https:\/\/ocentrodedianacasa.igualdadebenestar.org\/index.php?rest_route=\/wp\/v2\/posts\/3684"}],"collection":[{"href":"https:\/\/ocentrodedianacasa.igualdadebenestar.org\/index.php?rest_route=\/wp\/v2\/posts"}],"about":[{"href":"https:\/\/ocentrodedianacasa.igualdadebenestar.org\/index.php?rest_route=\/wp\/v2\/types\/post"}],"author":[{"embeddable":true,"href":"https:\/\/ocentrodedianacasa.igualdadebenestar.org\/index.php?rest_route=\/wp\/v2\/users\/3"}],"replies":[{"embeddable":true,"href":"https:\/\/ocentrodedianacasa.igualdadebenestar.org\/index.php?rest_route=%2Fwp%2Fv2%2Fcomments&post=3684"}],"version-history":[{"count":1,"href":"https:\/\/ocentrodedianacasa.igualdadebenestar.org\/index.php?rest_route=\/wp\/v2\/posts\/3684\/revisions"}],"predecessor-version":[{"id":3688,"href":"https:\/\/ocentrodedianacasa.igualdadebenestar.org\/index.php?rest_route=\/wp\/v2\/posts\/3684\/revisions\/3688"}],"wp:attachment":[{"href":"https:\/\/ocentrodedianacasa.igualdadebenestar.org\/index.php?rest_route=%2Fwp%2Fv2%2Fmedia&parent=3684"}],"wp:term":[{"taxonomy":"category","embeddable":true,"href":"https:\/\/ocentrodedianacasa.igualdadebenestar.org\/index.php?rest_route=%2Fwp%2Fv2%2Fcategories&post=3684"},{"taxonomy":"post_tag","embeddable":true,"href":"https:\/\/ocentrodedianacasa.igualdadebenestar.org\/index.php?rest_route=%2Fwp%2Fv2%2Ftags&post=3684"}],"curies":[{"name":"wp","href":"https:\/\/api.w.org\/{rel}","templated":true}]}}