{"id":3673,"date":"2022-08-24T13:22:00","date_gmt":"2022-08-24T11:22:00","guid":{"rendered":"https:\/\/ocentrodedianacasa.igualdadebenestar.org\/?p=3673"},"modified":"2022-09-02T13:24:51","modified_gmt":"2022-09-02T11:24:51","slug":"musica-para-despertar","status":"publish","type":"post","link":"https:\/\/ocentrodedianacasa.igualdadebenestar.org\/?p=3673","title":{"rendered":"M\u00daSICA PARA DESPERTAR"},"content":{"rendered":"\n<p><\/p>\n\n\n\n<figure class=\"wp-block-table\"><table><tbody><tr><td>No CAPM de Redondela realizamos unha actividade conxunta co grupo de m\u00fasica tradicional galega \u201cNoitarega\u201d. Este feito ten especial relevancia xa que Manuel (co\u00f1ecido como Manolo) usuario do servizo residencial, formou parte del durante m\u00e1is de 20 anos. Este tipo de actividades que conectan coa s\u00faa historia de vida e a vencellan a unha paix\u00f3n que sinte pola m\u00fasica son especialmente significativas para Manuel. Para que poidades co\u00f1ecer un pouco mais da s\u00faa traxectoria como grupo, comentarvos que se funda al\u00e1 polo ano 1989 en Vigo, sendo Manuel un dos seus fundadores. Ao longo destes anos Noitarega tivo numerosos premios e innumerables actuaci\u00f3ns tanto por toda a xeograf\u00eda galega como espa\u00f1ola. Compartiu escenario con artistas da talla de Berrog\u00fcetto, Luar Na Lubre, ou Susana Seivane, e consolidouse como un dos maiores expo\u00f1entes da m\u00fasica tradicional galega e como un embaixador da cultura galega por todo o mundo. Tralos seus 21 anos de existencia, Noitarega viunos a ofrecer un repertorio do seu \u00faltimo disco \u00abXXI\u00bb, o cal conta con colaboraci\u00f3ns de : Anxo Pintos (Berrog\u00fcetto), Xaime Est\u00e9vez (Os Terribles de Donas) ou Lu\u00eds \u00abO Caruncho\u00bb, entre outros. O concerto tivo unha excepcional acollida polo usuario xa que foi unha actividade moi emotiva para el e os integrantes do seu grupo, en especial para Jose Maria, antigo compa\u00f1eiro que se emocionou o referir unhas bonitas verbas a Manuel. E por suposto tam\u00e9n para o resto das persoas usuarias, que se amosaron moi interesadas por co\u00f1ecer m\u00e1is da historia do grupo musical e do seu compa\u00f1eiro.<br>Esperamos que desfrutedes tanto coma n\u00f3s desta uni\u00f3n de m\u00fasica, sentimento e vinculaci\u00f3n coa historia de vida. Para n\u00f3s este encontro foi m\u00e1xico!<\/td><\/tr><\/tbody><\/table><\/figure>\n\n\n\n<div class=\"wp-block-image\"><figure class=\"aligncenter size-large is-resized\"><img loading=\"lazy\" src=\"https:\/\/ocentrodedianacasa.igualdadebenestar.org\/wp-content\/uploads\/2022\/09\/noitearega-RED-461x1024.jpg\" alt=\"\" class=\"wp-image-3674\" width=\"269\" height=\"598\" srcset=\"https:\/\/ocentrodedianacasa.igualdadebenestar.org\/wp-content\/uploads\/2022\/09\/noitearega-RED-461x1024.jpg 461w, https:\/\/ocentrodedianacasa.igualdadebenestar.org\/wp-content\/uploads\/2022\/09\/noitearega-RED-135x300.jpg 135w, https:\/\/ocentrodedianacasa.igualdadebenestar.org\/wp-content\/uploads\/2022\/09\/noitearega-RED-691x1536.jpg 691w, https:\/\/ocentrodedianacasa.igualdadebenestar.org\/wp-content\/uploads\/2022\/09\/noitearega-RED.jpg 720w\" sizes=\"(max-width: 269px) 100vw, 269px\" \/><\/figure><\/div>\n ","protected":false},"excerpt":{"rendered":"<p>No CAPM de Redondela realizamos unha actividade conxunta co grupo de m\u00fasica tradicional galega \u201cNoitarega\u201d. Este feito ten especial relevancia xa que Manuel (co\u00f1ecido como Manolo) usuario do servizo residencial, <a class=\"more-link\" href=\"https:\/\/ocentrodedianacasa.igualdadebenestar.org\/?p=3673\">Continue Reading &rarr;<\/a><\/p>\n","protected":false},"author":3,"featured_media":0,"comment_status":"open","ping_status":"open","sticky":false,"template":"","format":"standard","meta":[],"categories":[22,23],"tags":[],"post_mailing_queue_ids":[],"_links":{"self":[{"href":"https:\/\/ocentrodedianacasa.igualdadebenestar.org\/index.php?rest_route=\/wp\/v2\/posts\/3673"}],"collection":[{"href":"https:\/\/ocentrodedianacasa.igualdadebenestar.org\/index.php?rest_route=\/wp\/v2\/posts"}],"about":[{"href":"https:\/\/ocentrodedianacasa.igualdadebenestar.org\/index.php?rest_route=\/wp\/v2\/types\/post"}],"author":[{"embeddable":true,"href":"https:\/\/ocentrodedianacasa.igualdadebenestar.org\/index.php?rest_route=\/wp\/v2\/users\/3"}],"replies":[{"embeddable":true,"href":"https:\/\/ocentrodedianacasa.igualdadebenestar.org\/index.php?rest_route=%2Fwp%2Fv2%2Fcomments&post=3673"}],"version-history":[{"count":1,"href":"https:\/\/ocentrodedianacasa.igualdadebenestar.org\/index.php?rest_route=\/wp\/v2\/posts\/3673\/revisions"}],"predecessor-version":[{"id":3675,"href":"https:\/\/ocentrodedianacasa.igualdadebenestar.org\/index.php?rest_route=\/wp\/v2\/posts\/3673\/revisions\/3675"}],"wp:attachment":[{"href":"https:\/\/ocentrodedianacasa.igualdadebenestar.org\/index.php?rest_route=%2Fwp%2Fv2%2Fmedia&parent=3673"}],"wp:term":[{"taxonomy":"category","embeddable":true,"href":"https:\/\/ocentrodedianacasa.igualdadebenestar.org\/index.php?rest_route=%2Fwp%2Fv2%2Fcategories&post=3673"},{"taxonomy":"post_tag","embeddable":true,"href":"https:\/\/ocentrodedianacasa.igualdadebenestar.org\/index.php?rest_route=%2Fwp%2Fv2%2Ftags&post=3673"}],"curies":[{"name":"wp","href":"https:\/\/api.w.org\/{rel}","templated":true}]}}