{"id":3606,"date":"2022-08-25T13:50:53","date_gmt":"2022-08-25T11:50:53","guid":{"rendered":"https:\/\/ocentrodedianacasa.igualdadebenestar.org\/?p=3606"},"modified":"2022-08-29T08:47:47","modified_gmt":"2022-08-29T06:47:47","slug":"grandprix-veraniego","status":"publish","type":"post","link":"https:\/\/ocentrodedianacasa.igualdadebenestar.org\/?p=3606","title":{"rendered":"&#8220;GRANDPRIX VERANIEGO&#8221;"},"content":{"rendered":"\n<p class=\"has-text-align-center has-medium-font-size\"><strong>&#8220;GRANDPRIX VERANIEGO&#8221;<\/strong><\/p>\n\n\n\n<p>O 18 de agosto celebramos coas persoas usuarias do Centro Residencial e de D\u00eda de Arteixo e coas s\u00faas familias o GrandPrix Veraniego, recordando o cl\u00e1sico programa de televisi\u00f3n. O tempo non nos acompa\u00f1ou, polo que en lugar de poder realizalo do xard\u00edn, tivemos que celebralo dentro do centro. Isto non foi impedimento para desfrutar moito coa actividade, a cal estivo composta por dous equipos (vermello e azul) e tres probas (lanzamento de aros, pesca do pato e bolos) que foron realizando os dous equipos de forma simult\u00e1nea. Tras a vitoria do equipo azul, todas as persoas participantes refresc\u00e1ronse cun aperitivo composto por froita de tempada e un c\u00f3ctel. Tanto as persoas usuarias como as s\u00faas familias pasaron un momento l\u00fadico, cheo de gargalladas e ilusi\u00f3n.<\/p>\n\n\n\n<figure class=\"wp-block-gallery columns-2 is-cropped\"><ul class=\"blocks-gallery-grid\"><li class=\"blocks-gallery-item\"><figure><img loading=\"lazy\" width=\"709\" height=\"1024\" src=\"https:\/\/ocentrodedianacasa.igualdadebenestar.org\/wp-content\/uploads\/2022\/08\/20220818_165416-1-709x1024.jpg\" alt=\"\" data-id=\"3609\" data-full-url=\"https:\/\/ocentrodedianacasa.igualdadebenestar.org\/wp-content\/uploads\/2022\/08\/20220818_165416-1.jpg\" data-link=\"https:\/\/ocentrodedianacasa.igualdadebenestar.org\/?attachment_id=3609\" class=\"wp-image-3609\" srcset=\"https:\/\/ocentrodedianacasa.igualdadebenestar.org\/wp-content\/uploads\/2022\/08\/20220818_165416-1-709x1024.jpg 709w, https:\/\/ocentrodedianacasa.igualdadebenestar.org\/wp-content\/uploads\/2022\/08\/20220818_165416-1-208x300.jpg 208w, https:\/\/ocentrodedianacasa.igualdadebenestar.org\/wp-content\/uploads\/2022\/08\/20220818_165416-1-768x1108.jpg 768w, https:\/\/ocentrodedianacasa.igualdadebenestar.org\/wp-content\/uploads\/2022\/08\/20220818_165416-1-1064x1536.jpg 1064w, https:\/\/ocentrodedianacasa.igualdadebenestar.org\/wp-content\/uploads\/2022\/08\/20220818_165416-1.jpg 1306w\" sizes=\"(max-width: 709px) 100vw, 709px\" \/><\/figure><\/li><li class=\"blocks-gallery-item\"><figure><img loading=\"lazy\" width=\"1024\" height=\"973\" src=\"https:\/\/ocentrodedianacasa.igualdadebenestar.org\/wp-content\/uploads\/2022\/08\/20220818_163847-1-1024x973.jpg\" alt=\"\" data-id=\"3610\" data-full-url=\"https:\/\/ocentrodedianacasa.igualdadebenestar.org\/wp-content\/uploads\/2022\/08\/20220818_163847-1.jpg\" data-link=\"https:\/\/ocentrodedianacasa.igualdadebenestar.org\/?attachment_id=3610\" class=\"wp-image-3610\" srcset=\"https:\/\/ocentrodedianacasa.igualdadebenestar.org\/wp-content\/uploads\/2022\/08\/20220818_163847-1-1024x973.jpg 1024w, https:\/\/ocentrodedianacasa.igualdadebenestar.org\/wp-content\/uploads\/2022\/08\/20220818_163847-1-300x285.jpg 300w, https:\/\/ocentrodedianacasa.igualdadebenestar.org\/wp-content\/uploads\/2022\/08\/20220818_163847-1-768x730.jpg 768w, https:\/\/ocentrodedianacasa.igualdadebenestar.org\/wp-content\/uploads\/2022\/08\/20220818_163847-1-1536x1460.jpg 1536w, https:\/\/ocentrodedianacasa.igualdadebenestar.org\/wp-content\/uploads\/2022\/08\/20220818_163847-1.jpg 1901w\" sizes=\"(max-width: 1024px) 100vw, 1024px\" \/><\/figure><\/li><\/ul><\/figure>\n\n\n\n<figure class=\"wp-block-image\"><img alt=\"\"\/><\/figure>\n ","protected":false},"excerpt":{"rendered":"<p>&#8220;GRANDPRIX VERANIEGO&#8221; O 18 de agosto celebramos coas persoas usuarias do Centro Residencial e de D\u00eda de Arteixo e coas s\u00faas familias o GrandPrix Veraniego, recordando o cl\u00e1sico programa de <a class=\"more-link\" href=\"https:\/\/ocentrodedianacasa.igualdadebenestar.org\/?p=3606\">Continue Reading &rarr;<\/a><\/p>\n","protected":false},"author":3,"featured_media":0,"comment_status":"open","ping_status":"open","sticky":false,"template":"","format":"aside","meta":[],"categories":[44],"tags":[],"post_mailing_queue_ids":[],"_links":{"self":[{"href":"https:\/\/ocentrodedianacasa.igualdadebenestar.org\/index.php?rest_route=\/wp\/v2\/posts\/3606"}],"collection":[{"href":"https:\/\/ocentrodedianacasa.igualdadebenestar.org\/index.php?rest_route=\/wp\/v2\/posts"}],"about":[{"href":"https:\/\/ocentrodedianacasa.igualdadebenestar.org\/index.php?rest_route=\/wp\/v2\/types\/post"}],"author":[{"embeddable":true,"href":"https:\/\/ocentrodedianacasa.igualdadebenestar.org\/index.php?rest_route=\/wp\/v2\/users\/3"}],"replies":[{"embeddable":true,"href":"https:\/\/ocentrodedianacasa.igualdadebenestar.org\/index.php?rest_route=%2Fwp%2Fv2%2Fcomments&post=3606"}],"version-history":[{"count":2,"href":"https:\/\/ocentrodedianacasa.igualdadebenestar.org\/index.php?rest_route=\/wp\/v2\/posts\/3606\/revisions"}],"predecessor-version":[{"id":3627,"href":"https:\/\/ocentrodedianacasa.igualdadebenestar.org\/index.php?rest_route=\/wp\/v2\/posts\/3606\/revisions\/3627"}],"wp:attachment":[{"href":"https:\/\/ocentrodedianacasa.igualdadebenestar.org\/index.php?rest_route=%2Fwp%2Fv2%2Fmedia&parent=3606"}],"wp:term":[{"taxonomy":"category","embeddable":true,"href":"https:\/\/ocentrodedianacasa.igualdadebenestar.org\/index.php?rest_route=%2Fwp%2Fv2%2Fcategories&post=3606"},{"taxonomy":"post_tag","embeddable":true,"href":"https:\/\/ocentrodedianacasa.igualdadebenestar.org\/index.php?rest_route=%2Fwp%2Fv2%2Ftags&post=3606"}],"curies":[{"name":"wp","href":"https:\/\/api.w.org\/{rel}","templated":true}]}}