{"id":3570,"date":"2022-07-24T12:58:00","date_gmt":"2022-07-24T10:58:00","guid":{"rendered":"https:\/\/ocentrodedianacasa.igualdadebenestar.org\/?p=3570"},"modified":"2022-08-04T13:40:49","modified_gmt":"2022-08-04T11:40:49","slug":"no-capm-de-culleredo-celebran-o-dia-nacional-de-galiza-realizando-o-seu-particular-camino-de-santiago","status":"publish","type":"post","link":"https:\/\/ocentrodedianacasa.igualdadebenestar.org\/?p=3570","title":{"rendered":"No CAPM de Culleredo celebran o D\u00eda Nacional de Galiza realizando o seu particular cami\u00f1o de Santiago"},"content":{"rendered":"\n<p>Para celebrar o D\u00eda Nacional de Galiza ou d\u00eda de Santiago Ap\u00f3stol, no Centro de D\u00eda de Culleredo realizamos unha actividade sobre o Cami\u00f1o de Santiago. Permitiunos compartir experiencias e co\u00f1ecementos acerca das tradici\u00f3ns, as\u00ed como a rememorar unha festividade tan importante para a nosa comunidade. Traballamos a \u00e1rea cognitiva mediante intervenci\u00f3ns<br>arredor desta tem\u00e1tica e tam\u00e9n a nosa condici\u00f3n f\u00edsica, participando no noso particular \u201cCami\u00f1o de Santiago\u201d, que consist\u00eda en diferentes probas f\u00edsicas que simulaban as distintas etapas do cami\u00f1o, as cales deb\u00edan \u201csuperar\u201d para poder proseguir e lograr a ansiada Compostela. Tam\u00e9n nos permitiu traballar en equipo tomando decisi\u00f3ns, elaborando a<br>decoraci\u00f3n e planificando unha festa que como colof\u00f3n final contou coa colaboraci\u00f3n e actuaci\u00f3n dun grupo de m\u00fasicos tradicionais galegos.<\/p>\n\n\n\n<figure class=\"wp-block-embed-youtube wp-block-embed is-type-video is-provider-youtube wp-embed-aspect-4-3 wp-has-aspect-ratio\"><div class=\"wp-block-embed__wrapper\">\n<iframe title=\"CAMINO SANTIAGO GAITAS\" width=\"678\" height=\"509\" src=\"https:\/\/www.youtube.com\/embed\/LRvyE0FbpGA?feature=oembed\" frameborder=\"0\" allow=\"accelerometer; autoplay; clipboard-write; encrypted-media; gyroscope; picture-in-picture\" allowfullscreen><\/iframe>\n<\/div><\/figure>\n\n\n\n<p><\/p>\n ","protected":false},"excerpt":{"rendered":"<p>Para celebrar o D\u00eda Nacional de Galiza ou d\u00eda de Santiago Ap\u00f3stol, no Centro de D\u00eda de Culleredo realizamos unha actividade sobre o Cami\u00f1o de Santiago. Permitiunos compartir experiencias e <a class=\"more-link\" href=\"https:\/\/ocentrodedianacasa.igualdadebenestar.org\/?p=3570\">Continue Reading &rarr;<\/a><\/p>\n","protected":false},"author":5,"featured_media":0,"comment_status":"open","ping_status":"open","sticky":false,"template":"","format":"standard","meta":[],"categories":[44,66],"tags":[],"post_mailing_queue_ids":[],"_links":{"self":[{"href":"https:\/\/ocentrodedianacasa.igualdadebenestar.org\/index.php?rest_route=\/wp\/v2\/posts\/3570"}],"collection":[{"href":"https:\/\/ocentrodedianacasa.igualdadebenestar.org\/index.php?rest_route=\/wp\/v2\/posts"}],"about":[{"href":"https:\/\/ocentrodedianacasa.igualdadebenestar.org\/index.php?rest_route=\/wp\/v2\/types\/post"}],"author":[{"embeddable":true,"href":"https:\/\/ocentrodedianacasa.igualdadebenestar.org\/index.php?rest_route=\/wp\/v2\/users\/5"}],"replies":[{"embeddable":true,"href":"https:\/\/ocentrodedianacasa.igualdadebenestar.org\/index.php?rest_route=%2Fwp%2Fv2%2Fcomments&post=3570"}],"version-history":[{"count":1,"href":"https:\/\/ocentrodedianacasa.igualdadebenestar.org\/index.php?rest_route=\/wp\/v2\/posts\/3570\/revisions"}],"predecessor-version":[{"id":3571,"href":"https:\/\/ocentrodedianacasa.igualdadebenestar.org\/index.php?rest_route=\/wp\/v2\/posts\/3570\/revisions\/3571"}],"wp:attachment":[{"href":"https:\/\/ocentrodedianacasa.igualdadebenestar.org\/index.php?rest_route=%2Fwp%2Fv2%2Fmedia&parent=3570"}],"wp:term":[{"taxonomy":"category","embeddable":true,"href":"https:\/\/ocentrodedianacasa.igualdadebenestar.org\/index.php?rest_route=%2Fwp%2Fv2%2Fcategories&post=3570"},{"taxonomy":"post_tag","embeddable":true,"href":"https:\/\/ocentrodedianacasa.igualdadebenestar.org\/index.php?rest_route=%2Fwp%2Fv2%2Ftags&post=3570"}],"curies":[{"name":"wp","href":"https:\/\/api.w.org\/{rel}","templated":true}]}}